{"id":32312,"date":"2021-03-22T19:20:00","date_gmt":"2021-03-22T19:20:00","guid":{"rendered":"http:\/\/www.inter-accion.com.mx\/?p=32312"},"modified":"2021-03-22T19:20:00","modified_gmt":"2021-03-22T19:20:00","slug":"32312","status":"publish","type":"post","link":"https:\/\/www.interaccionnoticias.com.mx\/?p=32312","title":{"rendered":"En Acapulco, se debe reforzar medidas por Semana Santa: ARO"},"content":{"rendered":"\n<p><strong>Advierte del riesgo de regresar al sem\u00e1foro rojo<\/strong><br><strong>&nbsp;<br>Javier Trujillo&nbsp;<br>&nbsp;<br>Acapulco, Gro. \u2013 <\/strong>La alcaldesa Adela Rom\u00e1n Ocampo, afirm\u00f3 que concluy\u00f3 la primera fase de vacunaci\u00f3n contra el Covid-19, de forma exitosa, pues se aplicaron 23 mil 520 vacunas a igual n\u00famero de adultos mayores.&nbsp;<br><br>As\u00ed, la edil porte\u00f1a, remarc\u00f3 la importancia de no bajar la guardia y redoblar las acciones para contener la propagaci\u00f3n del virus SARS-CoV-2, causante del Covid-19, y ocasionado la muerte de mil 717 personas.&nbsp;<br><br>Durante la conferencia, se inform\u00f3 que tras haberse cumplido un a\u00f1o de la pandemia del Coronavirus, Acapulco, era el centro de la pandemia con 15 mil 116 casos positivos, dijo la titular de salud Roxana Tapia. &nbsp;<br><br>\u201cConcluimos con \u00e9xito el s\u00e1bado pasado, la primera fase de la campa\u00f1a de vacunaci\u00f3n del Covid-19, y quiero hacer un reconocimiento al esfuerzo y coordinaci\u00f3n realizada a los tres \u00f3rdenes de gobierno.&nbsp;<br><br>\u201cLes recuerdo que la vacuna en este momento, se aplic\u00f3 en esta primera fase \u00fanicamente a los adultos mayores de 65 a\u00f1os y que se cubri\u00f3 a aquello que sus apellidos comienza con la letra A, B y C\u201d, dijo.&nbsp;<br><br>Adelant\u00f3 que en fechas pr\u00f3ximas se dar\u00e1 a conocer por el gobierno federal los d\u00edas en que se habr\u00e1 de reanudar la vacunaci\u00f3n en el puerto.&nbsp;<br><br>Se inform\u00f3 que los cuatro macro puntos de vacunaci\u00f3n, el gobierno de Acapulco, particip\u00f3 con 530 trabajadores de nueve \u00e1reas del gobierno local.&nbsp;&nbsp;&nbsp;<br><br>Tambi\u00e9n se inform\u00f3 que durante lo que va de la pandemia se han clausurado 275 negocios de diversos giros, dispersado a m\u00e1s de 60 mil ciudadanos, y vacacionistas por haber violentado disposiciones que establece el sem\u00e1foro epidemiol\u00f3gico de color amarillo.<\/p>\n","protected":false},"excerpt":{"rendered":"<p>Advierte del riesgo de regresar al sem\u00e1foro rojo&nbsp;Javier Trujillo&nbsp;&nbsp;Acapulco, Gro. \u2013 La alcaldesa Adela Rom\u00e1n Ocampo, afirm\u00f3 que concluy\u00f3 la primera fase de vacunaci\u00f3n contra el Covid-19, de forma exitosa,&hellip; <\/p>\n","protected":false},"author":1,"featured_media":32313,"comment_status":"open","ping_status":"open","sticky":false,"template":"","format":"standard","meta":{"fifu_image_url":"","fifu_image_alt":"","footnotes":""},"categories":[3],"tags":[],"class_list":["post-32312","post","type-post","status-publish","format-standard","has-post-thumbnail","hentry","category-covid-19"],"_links":{"self":[{"href":"https:\/\/www.interaccionnoticias.com.mx\/index.php?rest_route=\/wp\/v2\/posts\/32312","targetHints":{"allow":["GET"]}}],"collection":[{"href":"https:\/\/www.interaccionnoticias.com.mx\/index.php?rest_route=\/wp\/v2\/posts"}],"about":[{"href":"https:\/\/www.interaccionnoticias.com.mx\/index.php?rest_route=\/wp\/v2\/types\/post"}],"author":[{"embeddable":true,"href":"https:\/\/www.interaccionnoticias.com.mx\/index.php?rest_route=\/wp\/v2\/users\/1"}],"replies":[{"embeddable":true,"href":"https:\/\/www.interaccionnoticias.com.mx\/index.php?rest_route=%2Fwp%2Fv2%2Fcomments&post=32312"}],"version-history":[{"count":0,"href":"https:\/\/www.interaccionnoticias.com.mx\/index.php?rest_route=\/wp\/v2\/posts\/32312\/revisions"}],"wp:featuredmedia":[{"embeddable":true,"href":"https:\/\/www.interaccionnoticias.com.mx\/index.php?rest_route=\/wp\/v2\/media\/32313"}],"wp:attachment":[{"href":"https:\/\/www.interaccionnoticias.com.mx\/index.php?rest_route=%2Fwp%2Fv2%2Fmedia&parent=32312"}],"wp:term":[{"taxonomy":"category","embeddable":true,"href":"https:\/\/www.interaccionnoticias.com.mx\/index.php?rest_route=%2Fwp%2Fv2%2Fcategories&post=32312"},{"taxonomy":"post_tag","embeddable":true,"href":"https:\/\/www.interaccionnoticias.com.mx\/index.php?rest_route=%2Fwp%2Fv2%2Ftags&post=32312"}],"curies":[{"name":"wp","href":"https:\/\/api.w.org\/{rel}","templated":true}]}}