{"id":32296,"date":"2021-03-22T18:07:00","date_gmt":"2021-03-22T18:07:00","guid":{"rendered":"http:\/\/www.inter-accion.com.mx\/?p=32296"},"modified":"2021-03-22T18:07:00","modified_gmt":"2021-03-22T18:07:00","slug":"32296","status":"publish","type":"post","link":"https:\/\/www.interaccionnoticias.com.mx\/?p=32296","title":{"rendered":"Este martes de empezar\u00e1n a aplicar 21 mil doses de vacuna anti Covid a adultos mayores de Iguala"},"content":{"rendered":"\n<p><strong>Por: Rosario Garc\u00eda Orozco<\/strong><br><br><strong>Chilpancingo, Gro., 22 de marzo del 2021.-<\/strong> El Presidente Municipal de Iguala, Antonio Jaimes Herrera, confirm\u00f3 que este martes dar\u00e1 inicio la aplicaci\u00f3n de 21 mil dosis de vacuna anti Covid a adultos mayores de ese municipio.<br><br>Explic\u00f3 que de manera previa se llevan a cabo reuniones con distintas autoridades para recorrer los lugares que se eligieron como centros de vacunaci\u00f3n, y verificar que cuenten con espacio suficiente, y garant\u00edas de seguridad tanto para los adultos mayores como para todo el personal que se va a desplegar para realizar esa tarea.<br><br>En ese sentido, explic\u00f3 que solo del ayuntamiento igualteco se van a desplegar unos 200 trabajadores, principalmente del DIF y de Sedesol municipal con disponibilidad de sillas de rueda para quienes requieran esa asistencia, en los tres lugares donde se va a aplicar la vacuna: Canchas de basquetbol de la Unidad Deportiva, Tecnol\u00f3gico de Iguala y Escuela Secundaria N\u00famero 70.<br><br>De acuerdo al calendario oficial el martes a partir de las 7 de la ma\u00f1ana se vacunar\u00e1n los adultos mayores de quienes su apellido paterno inicie con las letras A, B y C; el mi\u00e9rcoles de la D a la J; el jueves de la K a la O; el viernes P, Q y R; y el s\u00e1bado de la S a la Z.<br><br>Jaimes Herrera reconoci\u00f3 que de primera instancia s\u00f3lo se vacunar\u00eda a los adultos mayores de la ciudad, mientras que en una segunda oportunidad se trasladar\u00edan los equipos para atender a las comunidades, pero se decidi\u00f3 que lleguen a los tres puntos de vacunaci\u00f3n tambi\u00e9n quienes viven en las localidades para garantizarles la inmunidad.<br><br>Para informar a los habitantes de todo el municipio se va a reunir con los comisariados ejidales para que corran la voz y puedan llegar todos los adultos mayores, \u201cvamos a tratar de coadyuvar en lo que m\u00e1s se pueda porque es una tarea trascendental\u201d, mientras que reforzar\u00e1n la difusi\u00f3n de esa informaci\u00f3n a traviesa de las redes sociales del ayuntamiento para mayor alcance.<br><br>Pidi\u00f3 a todos los igualtecos no tener miedo de vacunarse, \u201ces mil veces mejor vacunarse, que no estar vacunados, sobre todo ante la amenaza de una tercer oleada por la cercan\u00eda de la Semana Santa y la amplia movilidad social que eso genera, con todo y los riesgos que contraen\u201d.<br><br>El alcalde igualteco consider\u00f3 que ha sido muy importante la labor que se realiza desde las instituciones con los llamados a que no bajen la guardia y mantengan las medidas preventivas como el uso del cubrebocas, la sana distancia y lavarse las manos de manera frecuente para contener un poco ese mal.<\/p>\n","protected":false},"excerpt":{"rendered":"<p>Por: Rosario Garc\u00eda Orozco Chilpancingo, Gro., 22 de marzo del 2021.- El Presidente Municipal de Iguala, Antonio Jaimes Herrera, confirm\u00f3 que este martes dar\u00e1 inicio la aplicaci\u00f3n de 21 mil&hellip; <\/p>\n","protected":false},"author":1,"featured_media":32297,"comment_status":"open","ping_status":"open","sticky":false,"template":"","format":"standard","meta":{"fifu_image_url":"","fifu_image_alt":"","footnotes":""},"categories":[3],"tags":[],"class_list":["post-32296","post","type-post","status-publish","format-standard","has-post-thumbnail","hentry","category-covid-19"],"_links":{"self":[{"href":"https:\/\/www.interaccionnoticias.com.mx\/index.php?rest_route=\/wp\/v2\/posts\/32296","targetHints":{"allow":["GET"]}}],"collection":[{"href":"https:\/\/www.interaccionnoticias.com.mx\/index.php?rest_route=\/wp\/v2\/posts"}],"about":[{"href":"https:\/\/www.interaccionnoticias.com.mx\/index.php?rest_route=\/wp\/v2\/types\/post"}],"author":[{"embeddable":true,"href":"https:\/\/www.interaccionnoticias.com.mx\/index.php?rest_route=\/wp\/v2\/users\/1"}],"replies":[{"embeddable":true,"href":"https:\/\/www.interaccionnoticias.com.mx\/index.php?rest_route=%2Fwp%2Fv2%2Fcomments&post=32296"}],"version-history":[{"count":0,"href":"https:\/\/www.interaccionnoticias.com.mx\/index.php?rest_route=\/wp\/v2\/posts\/32296\/revisions"}],"wp:featuredmedia":[{"embeddable":true,"href":"https:\/\/www.interaccionnoticias.com.mx\/index.php?rest_route=\/wp\/v2\/media\/32297"}],"wp:attachment":[{"href":"https:\/\/www.interaccionnoticias.com.mx\/index.php?rest_route=%2Fwp%2Fv2%2Fmedia&parent=32296"}],"wp:term":[{"taxonomy":"category","embeddable":true,"href":"https:\/\/www.interaccionnoticias.com.mx\/index.php?rest_route=%2Fwp%2Fv2%2Fcategories&post=32296"},{"taxonomy":"post_tag","embeddable":true,"href":"https:\/\/www.interaccionnoticias.com.mx\/index.php?rest_route=%2Fwp%2Fv2%2Ftags&post=32296"}],"curies":[{"name":"wp","href":"https:\/\/api.w.org\/{rel}","templated":true}]}}