{"id":32270,"date":"2021-03-22T17:44:23","date_gmt":"2021-03-22T17:44:23","guid":{"rendered":"http:\/\/www.inter-accion.com.mx\/?p=32270"},"modified":"2021-03-22T17:44:23","modified_gmt":"2021-03-22T17:44:23","slug":"32270","status":"publish","type":"post","link":"https:\/\/www.interaccionnoticias.com.mx\/?p=32270","title":{"rendered":"Roban y saquean cami\u00f3n de cerveza en Autopista del Sol"},"content":{"rendered":"\n<p><strong><em>La polic\u00eda lo recupera, completamente vac\u00edo<\/em><\/strong><\/p>\n\n\n\n<p><strong>Jes\u00fas Dorantes<\/strong><\/p>\n\n\n\n<p><strong>Chilpancingo, Gro.- <\/strong>El fin de semana fue robado y saqueado un cami\u00f3n que transportaba cerveza en la Autopista del Sol, cerca de la capital del estado.<\/p>\n\n\n\n<p>La unidad fue recuperada horas despues por agentes de la polic\u00eda del estado.<\/p>\n\n\n\n<p>La b\u00fasqueda se puso en marcha a trav\u00e9s de un operativo ordemado por la Secretar\u00eda de Seguridad P\u00fablica (SSP), tras una denuncia ciudadana.<\/p>\n\n\n\n<p>Se trata de un cami\u00f3n de la marca Freightliner, con n\u00famero econ\u00f3mico 551 \u2013 modelo 2011 de la empresa \u201cGrupo Modelo\u00bb con logos de la marca \u201cCorona\u00bb.<\/p>\n\n\n\n<p>El robo fue realizado en los carriles norte-sur de la Autopista del Sol, al ser localizado por las autoridades Se confirm\u00f3 que los delincuentes hab\u00edan sustra\u00eddo todo el producto que transportaba en su interior.<\/p>\n\n\n\n<p>El veh\u00edculo fue puesto a disposici\u00f3n de las autoridades correspondientes, sin especificar si existieron detenidos por el delito.<\/p>\n","protected":false},"excerpt":{"rendered":"<p>La polic\u00eda lo recupera, completamente vac\u00edo Jes\u00fas Dorantes Chilpancingo, Gro.- El fin de semana fue robado y saqueado un cami\u00f3n que transportaba cerveza en la Autopista del Sol, cerca de&hellip; <\/p>\n","protected":false},"author":1,"featured_media":32269,"comment_status":"open","ping_status":"open","sticky":false,"template":"","format":"standard","meta":{"fifu_image_url":"","fifu_image_alt":"","footnotes":""},"categories":[27],"tags":[],"class_list":["post-32270","post","type-post","status-publish","format-standard","has-post-thumbnail","hentry","category-seguridad-publica"],"_links":{"self":[{"href":"https:\/\/www.interaccionnoticias.com.mx\/index.php?rest_route=\/wp\/v2\/posts\/32270","targetHints":{"allow":["GET"]}}],"collection":[{"href":"https:\/\/www.interaccionnoticias.com.mx\/index.php?rest_route=\/wp\/v2\/posts"}],"about":[{"href":"https:\/\/www.interaccionnoticias.com.mx\/index.php?rest_route=\/wp\/v2\/types\/post"}],"author":[{"embeddable":true,"href":"https:\/\/www.interaccionnoticias.com.mx\/index.php?rest_route=\/wp\/v2\/users\/1"}],"replies":[{"embeddable":true,"href":"https:\/\/www.interaccionnoticias.com.mx\/index.php?rest_route=%2Fwp%2Fv2%2Fcomments&post=32270"}],"version-history":[{"count":0,"href":"https:\/\/www.interaccionnoticias.com.mx\/index.php?rest_route=\/wp\/v2\/posts\/32270\/revisions"}],"wp:featuredmedia":[{"embeddable":true,"href":"https:\/\/www.interaccionnoticias.com.mx\/index.php?rest_route=\/wp\/v2\/media\/32269"}],"wp:attachment":[{"href":"https:\/\/www.interaccionnoticias.com.mx\/index.php?rest_route=%2Fwp%2Fv2%2Fmedia&parent=32270"}],"wp:term":[{"taxonomy":"category","embeddable":true,"href":"https:\/\/www.interaccionnoticias.com.mx\/index.php?rest_route=%2Fwp%2Fv2%2Fcategories&post=32270"},{"taxonomy":"post_tag","embeddable":true,"href":"https:\/\/www.interaccionnoticias.com.mx\/index.php?rest_route=%2Fwp%2Fv2%2Ftags&post=32270"}],"curies":[{"name":"wp","href":"https:\/\/api.w.org\/{rel}","templated":true}]}}