{"id":32253,"date":"2021-03-21T19:50:00","date_gmt":"2021-03-21T19:50:00","guid":{"rendered":"http:\/\/www.inter-accion.com.mx\/?p=32253"},"modified":"2021-03-21T19:50:00","modified_gmt":"2021-03-21T19:50:00","slug":"32253","status":"publish","type":"post","link":"https:\/\/www.interaccionnoticias.com.mx\/?p=32253","title":{"rendered":"LA ALIANZA PRD-PRI REGISTRA A FER CALIXTO COMO CANDIDATO EN EL DISTRITO 01 DE CHILPANCINGO"},"content":{"rendered":"\n<p><strong><em>Informa que se encuentra listo para arrancar campa\u00f1a el pr\u00f3ximo 4 de abril<\/em><\/strong><\/p>\n\n\n\n<p><strong>Chilpancingo de los Bravo, Gro., 21 de marzo de 2021.\u2013<\/strong> Este fin de semana Fernando Calixto Cuevas solicit\u00f3 formalmente su registro como candidato a diputado local por el distrito 01 de la alianza PRD \u2013 PRI, ante el Instituto Electoral y de Participaci\u00f3n Ciudadana (IEPC).<\/p>\n\n\n\n<p>Fue un registro en conjunto de los candidatos a diputados locales que van en alianza (PRI \u2013 PRD), quienes se presentaron en la tarde de este pasado s\u00e1bado en el edificio que albergan las oficinas electorales en esta capital.<\/p>\n\n\n\n<p>Fernando Calixto Cuevas, quien ya est\u00e1 registrado como candidato a diputado local por el distrito 01 por la alianza PRD \u2013 PRI, a su arribo a las oficinas del \u00f3rgano electoral, fue acompa\u00f1ado por su familia y decenas de personas que coinciden con su proyecto pol\u00edtico.<\/p>\n\n\n\n<p>Al t\u00e9rmino de su registro el ya candidato dijo que se encuentra listo para el arranque de campa\u00f1a que comienza el pr\u00f3ximo 4 de abril y que cuenta con un gran equipo que lo llevar\u00e1 al triunfo el 6 de junio del presente a\u00f1o.<\/p>\n\n\n\n<p>Indic\u00f3 que tiene muy claro los ejes de su proyecto legislativo que son la el deporte, la educaci\u00f3n y la cultura, pero que muy independiente de ello tambi\u00e9n pretende trabajar a favor de los j\u00f3venes, las mujeres, madres solteras y personas de la tercera edad.<\/p>\n\n\n\n<p>Dijo que actualmente la gente necesita pol\u00edticos sensibles que comprendan las principales necesidades y demandas de la gente, pero que adem\u00e1s se necesita una reconquista de la ciudadan\u00eda para que vuelvan a participar en las campa\u00f1as electorales.<\/p>\n\n\n\n<p>Finalmente, se\u00f1al\u00f3 que est\u00e1 preparado para iniciar con una campa\u00f1a de propuestas, sensibilidad y esperanza para la gente que con todo lo que ha pasado en nuestro pa\u00eds y nuestros estado se encuentran muy lastimados<\/p>\n","protected":false},"excerpt":{"rendered":"<p>Informa que se encuentra listo para arrancar campa\u00f1a el pr\u00f3ximo 4 de abril Chilpancingo de los Bravo, Gro., 21 de marzo de 2021.\u2013 Este fin de semana Fernando Calixto Cuevas&hellip; <\/p>\n","protected":false},"author":1,"featured_media":32252,"comment_status":"open","ping_status":"open","sticky":false,"template":"","format":"standard","meta":{"fifu_image_url":"","fifu_image_alt":"","footnotes":""},"categories":[25],"tags":[97],"class_list":["post-32253","post","type-post","status-publish","format-standard","has-post-thumbnail","hentry","category-ruta-2021","tag-fernando-calixto"],"_links":{"self":[{"href":"https:\/\/www.interaccionnoticias.com.mx\/index.php?rest_route=\/wp\/v2\/posts\/32253","targetHints":{"allow":["GET"]}}],"collection":[{"href":"https:\/\/www.interaccionnoticias.com.mx\/index.php?rest_route=\/wp\/v2\/posts"}],"about":[{"href":"https:\/\/www.interaccionnoticias.com.mx\/index.php?rest_route=\/wp\/v2\/types\/post"}],"author":[{"embeddable":true,"href":"https:\/\/www.interaccionnoticias.com.mx\/index.php?rest_route=\/wp\/v2\/users\/1"}],"replies":[{"embeddable":true,"href":"https:\/\/www.interaccionnoticias.com.mx\/index.php?rest_route=%2Fwp%2Fv2%2Fcomments&post=32253"}],"version-history":[{"count":0,"href":"https:\/\/www.interaccionnoticias.com.mx\/index.php?rest_route=\/wp\/v2\/posts\/32253\/revisions"}],"wp:featuredmedia":[{"embeddable":true,"href":"https:\/\/www.interaccionnoticias.com.mx\/index.php?rest_route=\/wp\/v2\/media\/32252"}],"wp:attachment":[{"href":"https:\/\/www.interaccionnoticias.com.mx\/index.php?rest_route=%2Fwp%2Fv2%2Fmedia&parent=32253"}],"wp:term":[{"taxonomy":"category","embeddable":true,"href":"https:\/\/www.interaccionnoticias.com.mx\/index.php?rest_route=%2Fwp%2Fv2%2Fcategories&post=32253"},{"taxonomy":"post_tag","embeddable":true,"href":"https:\/\/www.interaccionnoticias.com.mx\/index.php?rest_route=%2Fwp%2Fv2%2Ftags&post=32253"}],"curies":[{"name":"wp","href":"https:\/\/api.w.org\/{rel}","templated":true}]}}