{"id":32219,"date":"2021-03-18T09:14:00","date_gmt":"2021-03-18T09:14:00","guid":{"rendered":"http:\/\/www.inter-accion.com.mx\/?p=32219"},"modified":"2021-03-18T09:14:00","modified_gmt":"2021-03-18T09:14:00","slug":"32219","status":"publish","type":"post","link":"https:\/\/www.interaccionnoticias.com.mx\/?p=32219","title":{"rendered":"Alcalde de Zirandaro confirma que est\u00e1 bien, no aporta detalles respecto a la privaci\u00f3n de su libertad"},"content":{"rendered":"\n<p><strong><em>Comenta que dar\u00e1 declaraciones hasta ma\u00f1ana viernes<br><\/em><br>Rogelio Agust\u00edn<\/strong><br><br>De viva voz, el presidente municipal de Zir\u00e1ndaro de los Ch\u00e1vez, Gregorio Portillo Mendoza confirm\u00f3 que fue liberado por sus captores, pero aclar\u00f3 que ser\u00e1 hasta la jornada del viernes 19 de marzo cuando emita declaraciones respecto a la privaci\u00f3n de la libertad que sufri\u00f3.<br><br>La noche del mi\u00e9rcoles 17, trascendi\u00f3 que Portillo Mendoza hab\u00eda sido privado de la libertad junto con dos elementos de seguridad que fueron otorgados por la Guardia Nacional (GN) para su resguardo, a partir de varias amenazas que sufri\u00f3 por parte de presuntos integrantes del crimen organizado.<br><br>Se confirm\u00f3 la puesta en marcha de un despliegue por parte de elementos de la GN, de la Secretar\u00eda de la Defensa Nacional (Sedena) y de la Polic\u00eda del Estado, incluso hubo sobrevuelos en las inmediaciones de Zir\u00e1ndaro por parte de un helic\u00f3ptero, al parecer de la Secretar\u00eda de Seguridad P\u00fablica (SSP).<br><br>En el transcurso de la madrugada, se confirm\u00f3 que Portillo Mendoza hab\u00eda sido liberado junto con los dos elementos de la GN.<br><br>Para las 08:00 horas se le marc\u00f3 a su tel\u00e9fono celular, el cual respondi\u00f3 personalmente y dijo que se encontraba sano y salvo, aunque se abstuvo de emitir comentarios respecto a lo sucedido.<br><br>El primer edil manifest\u00f3 que dar\u00eda declaraciones respecto a lo sucedido hasta la jornada del viernes 19 de marzo, por lo que sugiri\u00f3 que se le diera el espacio correspondiente.<br><br>Desde 2019, en varias comunidades de Zir\u00e1ndaro, municipio ubicado en la Tierra Caliente se han registrado enfrentamientos armados entre c\u00e9lulas de La Familia Michoacana y el Cartel de Jalisco Nueva Generaci\u00f3n (CJNG), lo que ha propiciado el despliegue de cuerpos de seguridad de nivel estatal y federal.<\/p>\n","protected":false},"excerpt":{"rendered":"<p>Comenta que dar\u00e1 declaraciones hasta ma\u00f1ana viernesRogelio Agust\u00edn De viva voz, el presidente municipal de Zir\u00e1ndaro de los Ch\u00e1vez, Gregorio Portillo Mendoza confirm\u00f3 que fue liberado por sus captores, pero&hellip; <\/p>\n","protected":false},"author":1,"featured_media":32220,"comment_status":"open","ping_status":"open","sticky":false,"template":"","format":"standard","meta":{"fifu_image_url":"","fifu_image_alt":"","footnotes":""},"categories":[27],"tags":[],"class_list":["post-32219","post","type-post","status-publish","format-standard","has-post-thumbnail","hentry","category-seguridad-publica"],"_links":{"self":[{"href":"https:\/\/www.interaccionnoticias.com.mx\/index.php?rest_route=\/wp\/v2\/posts\/32219","targetHints":{"allow":["GET"]}}],"collection":[{"href":"https:\/\/www.interaccionnoticias.com.mx\/index.php?rest_route=\/wp\/v2\/posts"}],"about":[{"href":"https:\/\/www.interaccionnoticias.com.mx\/index.php?rest_route=\/wp\/v2\/types\/post"}],"author":[{"embeddable":true,"href":"https:\/\/www.interaccionnoticias.com.mx\/index.php?rest_route=\/wp\/v2\/users\/1"}],"replies":[{"embeddable":true,"href":"https:\/\/www.interaccionnoticias.com.mx\/index.php?rest_route=%2Fwp%2Fv2%2Fcomments&post=32219"}],"version-history":[{"count":0,"href":"https:\/\/www.interaccionnoticias.com.mx\/index.php?rest_route=\/wp\/v2\/posts\/32219\/revisions"}],"wp:featuredmedia":[{"embeddable":true,"href":"https:\/\/www.interaccionnoticias.com.mx\/index.php?rest_route=\/wp\/v2\/media\/32220"}],"wp:attachment":[{"href":"https:\/\/www.interaccionnoticias.com.mx\/index.php?rest_route=%2Fwp%2Fv2%2Fmedia&parent=32219"}],"wp:term":[{"taxonomy":"category","embeddable":true,"href":"https:\/\/www.interaccionnoticias.com.mx\/index.php?rest_route=%2Fwp%2Fv2%2Fcategories&post=32219"},{"taxonomy":"post_tag","embeddable":true,"href":"https:\/\/www.interaccionnoticias.com.mx\/index.php?rest_route=%2Fwp%2Fv2%2Ftags&post=32219"}],"curies":[{"name":"wp","href":"https:\/\/api.w.org\/{rel}","templated":true}]}}