{"id":3218,"date":"2017-03-29T15:24:12","date_gmt":"2017-03-29T21:24:12","guid":{"rendered":"http:\/\/www.inter-accion.com.mx\/?p=3218"},"modified":"2017-03-29T15:24:12","modified_gmt":"2017-03-29T21:24:12","slug":"antonio-fue-soldado-por-un-dia-a-sus-diez-anos-de-edad","status":"publish","type":"post","link":"https:\/\/www.interaccionnoticias.com.mx\/?p=3218","title":{"rendered":"Antonio fue soldado por un d\u00eda a sus diez a\u00f1os de edad"},"content":{"rendered":"<p>*Desde hace 27 meses padece leucemia<br \/>\n*Cada ocho d\u00edas viaja desde Iguala al puerto de Acapulco<br \/>\nA sus diez a\u00f1os Antonio Vargas Santos, ya cumpli\u00f3 el primero de sus sue\u00f1os, ser soldado del Ej\u00e9rcito Mexicano en su estado natal Guerrero.<br \/>\nAunque su estado de salud es cr\u00edtico, ya que padece lo que los m\u00e9dicos onc\u00f3logos llaman: <em>leucemia aguda linfobl\u00e1stica<\/em> <em>infantil<\/em>.<br \/>\nDesde hace 27 meses, libra una batalla contra el c\u00e1ncer que le ha provocado varias crisis a su organismo, pero sigue peleando, siempre al lado de su abuela materna, Mar\u00eda Dominga L\u00f3pez S\u00e1nchez.<br \/>\nAmbos son originarios de la comunidad de Juxtla, municipio de Iguala, en la zona norte del estado de Guerrero, desde donde cada ocho d\u00edas, viajan al puerto de Acapulco, al Instituto Estatal de Cancerolog\u00eda <em>Dr Arturo Beltr\u00e1n Ortega<\/em>, para recibir el tratamiento contra el c\u00e1ncer.<br \/>\nDesde entonces su acompa\u00f1ante ha sido su abuela una mujer de 60 a\u00f1os de edad, Mar\u00eda Dominga, quien cont\u00f3 a <strong>INTERACCION<\/strong> que en el hospital de Huitzuco, le dijeron que su nieto ten\u00eda c\u00e1ncer.<br \/>\n\u201cMe dijeron que lo iban a trasladar a Acapulco (al Instituto Estatal de Cancerolog\u00eda), porque ten\u00eda c\u00e1ncer, y desde entonces nos venimos para aca. Yo vine llorando, porque nunca hab\u00eda venido a Acapulco, no sab\u00eda d\u00f3nde estaba, no conoc\u00eda a nadie y estaba desesperada\u00bb.<br \/>\n\u201cNos dijeron que (Antonio) estaba grave, y pues ni modo nos quedamos aqu\u00ed, un 15 de enero del 2015. Ese d\u00eda no com\u00ed hasta las seis de la tarde, pues hab\u00edamos salido de Iguala a las cuatro de la ma\u00f1ana\u201d, narr\u00f3 Mar\u00eda Dominga L\u00f3pez.<br \/>\nEn la comunidad de Juxtla, municipio de Iguala, viven sus padres, Daniel Vargas campesino, Petronila Santos ama de casa y es el segundo de cinco hermanos, los otros tienen 13, siete, cinco y dos a\u00f1os de edad.<br \/>\nAntonio en su pueblo acude a la escuela, forma parte de la escolta y a sus diez a\u00f1os es abanderado y cursa el sexto grado de primaria a pesar de la enfermedad, es un estudiante destacado.<br \/>\nHan encontrado en la Asociaci\u00f3n Mexicana de Ayuda a Ni\u00f1os con C\u00e1ncer del estado de Guerrero, y su directora Ana Laura Sandoval Gazga apoyo para alimentos, transporte, medicamentos, hospedaje, suplementos alimenticios y compra de medicamentos, para tratar de vencer al c\u00e1ncer y convertirse en soldado.<br \/>\n<img loading=\"lazy\" decoding=\"async\" src=\"data:image\/gif;base64,R0lGODlhAQABAIAAAAAAAP\/\/\/ywAAAAAAQABAAACAUwAOw==\" fifu-lazy=\"1\" fifu-data-sizes=\"auto\" fifu-data-srcset=\"https:\/\/i1.wp.com\/www.inter-accion.com.mx\/wp-content\/uploads\/2017\/03\/honor4.jpg?ssl=1&w=75&resize=75&ssl=1 75w, https:\/\/i1.wp.com\/www.inter-accion.com.mx\/wp-content\/uploads\/2017\/03\/honor4.jpg?ssl=1&w=100&resize=100&ssl=1 100w, https:\/\/i1.wp.com\/www.inter-accion.com.mx\/wp-content\/uploads\/2017\/03\/honor4.jpg?ssl=1&w=150&resize=150&ssl=1 150w, https:\/\/i1.wp.com\/www.inter-accion.com.mx\/wp-content\/uploads\/2017\/03\/honor4.jpg?ssl=1&w=240&resize=240&ssl=1 240w, https:\/\/i1.wp.com\/www.inter-accion.com.mx\/wp-content\/uploads\/2017\/03\/honor4.jpg?ssl=1&w=320&resize=320&ssl=1 320w, https:\/\/i1.wp.com\/www.inter-accion.com.mx\/wp-content\/uploads\/2017\/03\/honor4.jpg?ssl=1&w=500&resize=500&ssl=1 500w, https:\/\/i1.wp.com\/www.inter-accion.com.mx\/wp-content\/uploads\/2017\/03\/honor4.jpg?ssl=1&w=640&resize=640&ssl=1 640w, https:\/\/i1.wp.com\/www.inter-accion.com.mx\/wp-content\/uploads\/2017\/03\/honor4.jpg?ssl=1&w=800&resize=800&ssl=1 800w, https:\/\/i1.wp.com\/www.inter-accion.com.mx\/wp-content\/uploads\/2017\/03\/honor4.jpg?ssl=1&w=1024&resize=1024&ssl=1 1024w, https:\/\/i1.wp.com\/www.inter-accion.com.mx\/wp-content\/uploads\/2017\/03\/honor4.jpg?ssl=1&w=1280&resize=1280&ssl=1 1280w, https:\/\/i1.wp.com\/www.inter-accion.com.mx\/wp-content\/uploads\/2017\/03\/honor4.jpg?ssl=1&w=1600&resize=1600&ssl=1 1600w\" class=\"alignleft size-full wp-image-3220\" fifu-data-src=\"https:\/\/i1.wp.com\/www.inter-accion.com.mx\/wp-content\/uploads\/2017\/03\/honor4.jpg?ssl=1\" alt=\"\" width=\"2189\" height=\"1460\"><\/p>\n","protected":false},"excerpt":{"rendered":"<p>*Desde hace 27 meses padece leucemia *Cada ocho d\u00edas viaja desde Iguala al puerto de Acapulco A sus diez a\u00f1os Antonio Vargas Santos, ya cumpli\u00f3 el primero de sus sue\u00f1os,&hellip; <\/p>\n","protected":false},"author":1,"featured_media":0,"comment_status":"open","ping_status":"open","sticky":false,"template":"","format":"standard","meta":{"fifu_image_url":"","fifu_image_alt":"","footnotes":""},"categories":[8,23],"tags":[],"class_list":["post-3218","post","type-post","status-publish","format-standard","hentry","category-featured","category-regionales"],"_links":{"self":[{"href":"https:\/\/www.interaccionnoticias.com.mx\/index.php?rest_route=\/wp\/v2\/posts\/3218","targetHints":{"allow":["GET"]}}],"collection":[{"href":"https:\/\/www.interaccionnoticias.com.mx\/index.php?rest_route=\/wp\/v2\/posts"}],"about":[{"href":"https:\/\/www.interaccionnoticias.com.mx\/index.php?rest_route=\/wp\/v2\/types\/post"}],"author":[{"embeddable":true,"href":"https:\/\/www.interaccionnoticias.com.mx\/index.php?rest_route=\/wp\/v2\/users\/1"}],"replies":[{"embeddable":true,"href":"https:\/\/www.interaccionnoticias.com.mx\/index.php?rest_route=%2Fwp%2Fv2%2Fcomments&post=3218"}],"version-history":[{"count":0,"href":"https:\/\/www.interaccionnoticias.com.mx\/index.php?rest_route=\/wp\/v2\/posts\/3218\/revisions"}],"wp:attachment":[{"href":"https:\/\/www.interaccionnoticias.com.mx\/index.php?rest_route=%2Fwp%2Fv2%2Fmedia&parent=3218"}],"wp:term":[{"taxonomy":"category","embeddable":true,"href":"https:\/\/www.interaccionnoticias.com.mx\/index.php?rest_route=%2Fwp%2Fv2%2Fcategories&post=3218"},{"taxonomy":"post_tag","embeddable":true,"href":"https:\/\/www.interaccionnoticias.com.mx\/index.php?rest_route=%2Fwp%2Fv2%2Ftags&post=3218"}],"curies":[{"name":"wp","href":"https:\/\/api.w.org\/{rel}","templated":true}]}}