{"id":32169,"date":"2021-03-17T13:24:00","date_gmt":"2021-03-17T13:24:00","guid":{"rendered":"http:\/\/www.inter-accion.com.mx\/?p=32169"},"modified":"2021-03-17T13:24:00","modified_gmt":"2021-03-17T13:24:00","slug":"32169","status":"publish","type":"post","link":"https:\/\/www.interaccionnoticias.com.mx\/?p=32169","title":{"rendered":"Suspende F\u00e9lix Salgado Macedonio acto de campa\u00f1a en Taxco"},"content":{"rendered":"\n<p><strong><em>Ante versi\u00f3n de que ser\u00eda interrumpido por grupos de feministas<br><\/em><br>Rogelio Agust\u00edn<\/strong><br><br>El candidato de Morena a la gubernatura del estado, F\u00e9lix Salgado Macedonio suspendi\u00f3 la gira de trabajo que ten\u00eda programada para la tarde de este mi\u00e9rcoles en la cabecera municipal de Taxco, ante la versi\u00f3n de que colectivas feministas irrumpir\u00edan en la plaza borda, donde se desarrollar\u00eda el mitin principal.<br><br>La ma\u00f1ana del mi\u00e9rcoles 17 de marzo, el abanderado de Morena estuvo en la comunidad de Santa Teresa, municipio de Iguala de la Independencia, en la regi\u00f3n Norte de la entidad.<br><br>Para las 15:00 horas ten\u00eda programada la concentraci\u00f3n en la Plaza Borda, ubicada en el centro de la colonial Taxco de Alarc\u00f3n.<br><br>Sin embargo, se conoci\u00f3 que en las inmediaciones de Taxco se encontraban algunas integrantes de colectivas feministas, incluso, hubo usuarios de redes sociales que aseguraron que hab\u00edan visto f\u00edsicamente a Yolitzin Jaimes Rend\u00f3n, coordinadora de Las Revueltas.<br><br>Para las 13:00 horas, el propio candidato public\u00f3 en sus redes sociales el anuncio de que la actividad vespertina quedaba suspendida, al no existir condiciones para realizarla.<br><br>\u201c Ante la falta de condiciones para poder llevar a cabo el evento programado para el d\u00eda de hoy por la tarde en Taxco, hemos decidido posponer dicha actividad hasta nuevo aviso, considerando que hay grupos cuyos intereses y fines son los de crear inestabilidad social y pol\u00edtica en nuestro estado\u201d, dijo Salgado Macedonio en su muro de Facebook, pasado el mediod\u00eda.<br><br>El senador con licencia continu\u00f3 su comunicado con un exhorto a las autoridades: \u201cHago un atento llamado a los tres niveles de gobierno, a fin de que se genere el ambiente propicio para poder llevar a cabo un proceso electoral pac\u00edfico y en armon\u00eda\u201d.<br><br>Y cerr\u00f3: \u201cHoy m\u00e1s que nunca nuestro estado requiere de la paz y la unidad de todos nosotros para salir adelante. Guerrero merece eso y m\u00e1s\u201d.<br><br>El secretario general del Comit\u00e9 Estatal de Morena, Marcial Rodr\u00edguez Salda\u00f1a inform\u00f3 que se tuvo la versi\u00f3n de que un grupo de mujeres se encontraban apostadas en la entrada de la ciudad colonial, verificando los veh\u00edculos que ingresaban con la intenci\u00f3n de visibilizar el momento en que Salgado Macedonio pasara por dicho sitio.<br><br>Fue la prudencia lo que motiv\u00f3 la suspensi\u00f3n del evento, lo que sucede a cinco d\u00edas de que Salgado iniciara sus actividades de proselitismo.<\/p>\n","protected":false},"excerpt":{"rendered":"<p>Ante versi\u00f3n de que ser\u00eda interrumpido por grupos de feministasRogelio Agust\u00edn El candidato de Morena a la gubernatura del estado, F\u00e9lix Salgado Macedonio suspendi\u00f3 la gira de trabajo que ten\u00eda&hellip; <\/p>\n","protected":false},"author":1,"featured_media":32170,"comment_status":"open","ping_status":"open","sticky":false,"template":"","format":"standard","meta":{"fifu_image_url":"","fifu_image_alt":"","footnotes":""},"categories":[25],"tags":[],"class_list":["post-32169","post","type-post","status-publish","format-standard","has-post-thumbnail","hentry","category-ruta-2021"],"_links":{"self":[{"href":"https:\/\/www.interaccionnoticias.com.mx\/index.php?rest_route=\/wp\/v2\/posts\/32169","targetHints":{"allow":["GET"]}}],"collection":[{"href":"https:\/\/www.interaccionnoticias.com.mx\/index.php?rest_route=\/wp\/v2\/posts"}],"about":[{"href":"https:\/\/www.interaccionnoticias.com.mx\/index.php?rest_route=\/wp\/v2\/types\/post"}],"author":[{"embeddable":true,"href":"https:\/\/www.interaccionnoticias.com.mx\/index.php?rest_route=\/wp\/v2\/users\/1"}],"replies":[{"embeddable":true,"href":"https:\/\/www.interaccionnoticias.com.mx\/index.php?rest_route=%2Fwp%2Fv2%2Fcomments&post=32169"}],"version-history":[{"count":0,"href":"https:\/\/www.interaccionnoticias.com.mx\/index.php?rest_route=\/wp\/v2\/posts\/32169\/revisions"}],"wp:featuredmedia":[{"embeddable":true,"href":"https:\/\/www.interaccionnoticias.com.mx\/index.php?rest_route=\/wp\/v2\/media\/32170"}],"wp:attachment":[{"href":"https:\/\/www.interaccionnoticias.com.mx\/index.php?rest_route=%2Fwp%2Fv2%2Fmedia&parent=32169"}],"wp:term":[{"taxonomy":"category","embeddable":true,"href":"https:\/\/www.interaccionnoticias.com.mx\/index.php?rest_route=%2Fwp%2Fv2%2Fcategories&post=32169"},{"taxonomy":"post_tag","embeddable":true,"href":"https:\/\/www.interaccionnoticias.com.mx\/index.php?rest_route=%2Fwp%2Fv2%2Ftags&post=32169"}],"curies":[{"name":"wp","href":"https:\/\/api.w.org\/{rel}","templated":true}]}}