{"id":3206,"date":"2017-03-28T22:27:37","date_gmt":"2017-03-29T04:27:37","guid":{"rendered":"http:\/\/www.inter-accion.com.mx\/?p=3206"},"modified":"2017-03-28T22:27:37","modified_gmt":"2017-03-29T04:27:37","slug":"seguridad-ciudadana-en-lugar-de-militarizacion-propone-la-onu-ddhh","status":"publish","type":"post","link":"https:\/\/www.interaccionnoticias.com.mx\/?p=3206","title":{"rendered":"Seguridad ciudadana en lugar de militarizaci\u00f3n, propone la ONU-DDHH"},"content":{"rendered":"<p>Alondra Garc\u00eda Lucatero<br \/>\nLa Oficina del Alto Comisionado de la Organizaci\u00f3n de las Naciones Unidas para los Derechos Humanos (ONU-DDHH) rechaz\u00f3 que las Fuerzas Armadas adopten funciones de seguridad p\u00fablica en M\u00e9xico, como se pretende con la Ley de Seguridad Interior; en cambio, propuso \u201cun enfoque de seguridad ciudadana\u201d para combatir la criminalidad.<br \/>\nJes\u00fas Pe\u00f1a Palacios, representante adjunto de la ONU-DDHH visit\u00f3 ayer la ciudad de Chilpancingo, para participar en el foro <em>Seguridad o Derechos Humanos: Una falsa dicotom\u00eda.<\/em><br \/>\nEn su exposici\u00f3n se refiri\u00f3 a la Recomendaci\u00f3n 26-2001 de la Comisi\u00f3n Nacional de los Derechos Humanos (CNDH), la cual indica que se abrieron 532 expedientes de queja por desaparici\u00f3n forzada de personas durante la d\u00e9cada de los 70\u2019s y principios de los 80\u2019s.<br \/>\n\u201cEsta instituci\u00f3n concluy\u00f3 que en 275 casos las personas fueron v\u00edctimas de una detenci\u00f3n, interrogatorio y una posible desaparici\u00f3n forzada, realizada por funcionarios p\u00fablicos de diversas instancias gubernamentales, entre ellas, efectivos militares. En el resto de los casos, las pruebas no fueron suficientes para acreditar la existencia de una desaparici\u00f3n forzada, pero tampoco se pudo descartar como una hip\u00f3tesis de investigaci\u00f3n. Sobre esos casos, la propia CNDH ha calificado la respuesta gubernamental, dijo que se traspasaron los l\u00edmites de la legalidad\u201d, expuso Pe\u00f1a Palacios.<br \/>\nTambi\u00e9n destac\u00f3 que m\u00e1s de la mitad de las sentencias que la Corte Interamericana de Derechos Humanos (CIDH) ha emitido contra M\u00e9xico, se refieren a casos ocurridos en Guerrero en los que hubo participaci\u00f3n de efectivos militares.<br \/>\nAdem\u00e1s, se\u00f1al\u00f3 que entre 2006 y 2015 la CNDH recibi\u00f3 m\u00e1s de 10 mil denuncias contra efectivos de la Secretar\u00eda de la Defensa Nacional (Sedena) y m\u00e1s de 2 mil contra actos realizados por la Secretar\u00eda de Marina (Semar).<br \/>\nPor estos motivos, dijo, es necesario que se realice un debate en el estado de Guerrero sobre la propuesta de Ley de Seguridad Interior, la cual pretende facultar a las Fuerzas Armadas para realizar labores de seguridad p\u00fablica.<br \/>\nEl representante ajunto de la ONU-DDHH lament\u00f3 que a pesar de estos antecedentes, las autoridades estatales y municipales hayan optado por \u201cun despliegue permanente de las fuerzas armadas\u201d, justific\u00e1ndose en \u201cla continua debilidad de las polic\u00edas\u201d.<br \/>\n\u201cPara una autoridad local o estatal es m\u00e1s f\u00e1cil llamar a las fuerzas militares o a la Federaci\u00f3n para que les ayuden, en lugar de invertir en pol\u00edticas de seguridad ciudadana. La posibilidad de utilizar las fuerzas armadas ha actuado como un desincentivo para promover el cambio, para la salida del paradigma militar\u201d, critic\u00f3.<br \/>\nPe\u00f1a Palacios record\u00f3 que \u201chace poco m\u00e1s de 10 a\u00f1os el Estado Mexicano tom\u00f3 la decisi\u00f3n de aumentar significativamente el n\u00famero de efectivos militares involucrados en la lucha contra el narcotr\u00e1fico y otras formas de violencia, en raz\u00f3n de la credibilidad de las fuerzas armadas y la debilidad estructural de las corporaciones civiles\u201d.<br \/>\nEsta situaci\u00f3n, dijo, ha preocupado a los organismos internacionales de derechos humanos, ya que las fuerzas militares han adoptado tareas de seguridad que incumben exclusivamente a las autoridades civiles.<br \/>\nPor ello, advirti\u00f3 que con la Ley de Seguridad Interior, tal como se est\u00e1 proponiendo, se corre el riesgo de \u201cconsolidar y perpetuar un rol impropio de las fuerzas armadas\u201d.<br \/>\nConsider\u00f3 que como consecuencia de esto, las autoridades har\u00edan a un lado la profesionalizaci\u00f3n de las instituciones civiles, as\u00ed como su fortalecimiento en recursos t\u00e9cnicos, humanos y financieros que permitan el paulatino regreso de las fuerzas armadas a sus cuarteles.<br \/>\nPara Pe\u00f1a Palacios, las pol\u00edticas p\u00fablicas de seguridad ciudadana deben partir de un diagn\u00f3stico de la situaci\u00f3n de seguridad y de los recursos institucionales disponibles.<br \/>\n\u201c\u00bfPor qu\u00e9 una d\u00e9cada no ha sido suficiente para fortalecer y profesionalizar a las corporaciones civiles y policiales y construir la confianza de la sociedad en ellas?, esta es la pregunta que debe formularse al inicio del dise\u00f1o de cualquier pol\u00edtica de seguridad\u201d, se\u00f1al\u00f3 el funcionario de la ONU-DDHH.<br \/>\nPe\u00f1a Palacios se\u00f1al\u00f3 que el concepto de seguridad interior, tal como se maneja en la nueva propuesta de ley, \u201cno es el id\u00f3neo desde una perspectiva de derechos humanos\u201d, ya que \u00e9ste se asocia a reg\u00edmenes autoritarios.<br \/>\nEn cambio, propuso al Estado Mexicano \u201cpromover un enfoque de seguridad ciudadana en la seguridad p\u00fablica\u201d.<br \/>\n\u201cFrente a los retos de seguridad, violencia y criminalidad que se viven en el estado de Guerrero y en otros estados del pa\u00eds, la opci\u00f3n es promover un enfoque de seguridad ciudadana, lo cual supone una transici\u00f3n hacia un modelo muy distinto del que hoy est\u00e1 puesto en la mesa\u201d, expuso.<br \/>\nEl funcionario destac\u00f3 que la oficina en M\u00e9xico del Alto Comisionado de la ONU-DDHH lleva 15 a\u00f1os en el pa\u00eds, por lo que conocen los retos en materia de inseguridad, violencia y derechos humanos.<br \/>\n\u201cSomos conscientes de los retos que se enfrentan, de la capacidad del crimen y particularmente del crimen organizado, para generar dolor y devastar la vida de miles de personas. Tampoco ignoramos la capacidad de estas estructuras criminales para infiltrar y cooptar las instituciones del Estado\u201d, expres\u00f3 el funcionario de la ONU.<br \/>\nUna muestra de la magnitud del reto que enfrenta Guerrero, dijo, son las cifras publicadas por el Secretariado Ejecutivo del Sistema Nacional de Seguridad P\u00fablica, que colocan a esta entidad en primer lugar de homicidios en febrero de este a\u00f1o.&nbsp;<\/p>\n","protected":false},"excerpt":{"rendered":"<p>Alondra Garc\u00eda Lucatero La Oficina del Alto Comisionado de la Organizaci\u00f3n de las Naciones Unidas para los Derechos Humanos (ONU-DDHH) rechaz\u00f3 que las Fuerzas Armadas adopten funciones de seguridad p\u00fablica&hellip; <\/p>\n","protected":false},"author":1,"featured_media":0,"comment_status":"open","ping_status":"open","sticky":false,"template":"","format":"standard","meta":{"fifu_image_url":"","fifu_image_alt":"","footnotes":""},"categories":[8,15],"tags":[],"class_list":["post-3206","post","type-post","status-publish","format-standard","hentry","category-featured","category-movimientos-sociales"],"_links":{"self":[{"href":"https:\/\/www.interaccionnoticias.com.mx\/index.php?rest_route=\/wp\/v2\/posts\/3206","targetHints":{"allow":["GET"]}}],"collection":[{"href":"https:\/\/www.interaccionnoticias.com.mx\/index.php?rest_route=\/wp\/v2\/posts"}],"about":[{"href":"https:\/\/www.interaccionnoticias.com.mx\/index.php?rest_route=\/wp\/v2\/types\/post"}],"author":[{"embeddable":true,"href":"https:\/\/www.interaccionnoticias.com.mx\/index.php?rest_route=\/wp\/v2\/users\/1"}],"replies":[{"embeddable":true,"href":"https:\/\/www.interaccionnoticias.com.mx\/index.php?rest_route=%2Fwp%2Fv2%2Fcomments&post=3206"}],"version-history":[{"count":0,"href":"https:\/\/www.interaccionnoticias.com.mx\/index.php?rest_route=\/wp\/v2\/posts\/3206\/revisions"}],"wp:attachment":[{"href":"https:\/\/www.interaccionnoticias.com.mx\/index.php?rest_route=%2Fwp%2Fv2%2Fmedia&parent=3206"}],"wp:term":[{"taxonomy":"category","embeddable":true,"href":"https:\/\/www.interaccionnoticias.com.mx\/index.php?rest_route=%2Fwp%2Fv2%2Fcategories&post=3206"},{"taxonomy":"post_tag","embeddable":true,"href":"https:\/\/www.interaccionnoticias.com.mx\/index.php?rest_route=%2Fwp%2Fv2%2Ftags&post=3206"}],"curies":[{"name":"wp","href":"https:\/\/api.w.org\/{rel}","templated":true}]}}