{"id":3203,"date":"2017-03-28T22:25:23","date_gmt":"2017-03-29T04:25:23","guid":{"rendered":"http:\/\/www.inter-accion.com.mx\/?p=3203"},"modified":"2017-03-28T22:25:23","modified_gmt":"2017-03-29T04:25:23","slug":"130-mil-asesinados-30-mil-desaparecidos-300-mil-desplazados-la-cifra-del-ejercito-en-las-calles","status":"publish","type":"post","link":"https:\/\/www.interaccionnoticias.com.mx\/?p=3203","title":{"rendered":"130 mil asesinados, 30 mil desaparecidos, 300 mil desplazados: la cifra del Ej\u00e9rcito en las calles"},"content":{"rendered":"<p>Alondra Garc\u00eda Lucatero<br \/>\nA 21 a\u00f1os de que el Ej\u00e9rcito sali\u00f3 a las calles para enfrentar al crimen organizado, el saldo ha sido de 130 mil personas asesinadas, 30 mil desaparecidos y 300 mil desplazados, revel\u00f3 Edgar Cort\u00e9s Morales, coordinador del Instituto Mexicano de Derechos Humanos y Democracia (IMDHD).<br \/>\nDurante su participaci\u00f3n en un foro de Derechos Humanos y Seguridad P\u00fablica, explic\u00f3 que la militarizaci\u00f3n de las labores de seguridad p\u00fablica comenz\u00f3 en 1996, con la creaci\u00f3n de la Coordinaci\u00f3n Nacional de Seguridad P\u00fablica.<br \/>\nSin embargo, se\u00f1al\u00f3 que el \u201cuso intensivo de las fuerzas armadas en la seguridad p\u00fablica\u201d inici\u00f3 en diciembre de 2006, con la llamada guerra contra el narco que impuls\u00f3 el entonces presidente Felipe Calder\u00f3n Hinojosa.<br \/>\n\u201cVivimos en un periodo de 21 a\u00f1os con las fuerzas armadas en labores de seguridad p\u00fablica. La gran pregunta es si eso ha sido la mejor soluci\u00f3n, si eso nos ha generado m\u00e1s seguridad a los ciudadanos\u2026 y la respuesta es no\u201d, asever\u00f3 Cort\u00e9s Morales.<br \/>\nEn cambio, asegur\u00f3 que la consecuencia de la militarizaci\u00f3n en M\u00e9xico ha sido un incremento en la violencia. Prueba de ello, es la estad\u00edstica de v\u00edctimas y criminalidad.<br \/>\nEn 2006, antes de iniciar la guerra contra el narcotr\u00e1fico, se registr\u00f3 uno de los \u00edndices m\u00e1s bajos de homicidios, ocho por cada 100 mil habitantes.<br \/>\n\u201cDespu\u00e9s de eso, se nos fue para arriba\u201d, se\u00f1al\u00f3 Cort\u00e9s Morales.<br \/>\nEn 2007 se registraron 10 mil 253 homicidios, en 2011 la cifra alcanz\u00f3 22 mil 852 asesinatos. En 2016 la cifra fue similar.<br \/>\nCon la tendencia de homicidios dolosos que se ha registrado en los primeros tres meses de 2017, \u201ces muy probable que se supere\u201d la estad\u00edstica de homicidios de los a\u00f1os anteriores.<br \/>\nOtras cifras que han resultado a 21 a\u00f1os de la militarizaci\u00f3n de la seguridad p\u00fablica, indic\u00f3, son 130 mil personas asesinadas, 30 mil desaparecidos y 300 mil desplazados.<br \/>\n\u201cEstos datos nos indican que no es una buena soluci\u00f3n militarizar la seguridad p\u00fablica\u201d, asever\u00f3.<br \/>\nPor ello, critic\u00f3 que los legisladores est\u00e9n \u201ctratando de darle un contenido muy amplio\u201d al art\u00edculo 89, fracci\u00f3n seis, de la Constituci\u00f3n, para facultar a las Fuerzas Armadas en labores de seguridad p\u00fablica que son exclusivas de las autoridades civiles.<br \/>\n\u201cEs un concepto ambiguo que se quiere construir con l\u00edmites muy difusos y donde hay riesgos, donde incluso protestas sociales, acciones de resistencia no violentas, pudieran dar lugar a este tema de afectaci\u00f3n de la seguridad interior\u201d, advirti\u00f3.<br \/>\n&nbsp;<br \/>\n&nbsp;<br \/>\n&nbsp;<\/p>\n","protected":false},"excerpt":{"rendered":"<p>Alondra Garc\u00eda Lucatero A 21 a\u00f1os de que el Ej\u00e9rcito sali\u00f3 a las calles para enfrentar al crimen organizado, el saldo ha sido de 130 mil personas asesinadas, 30 mil&hellip; <\/p>\n","protected":false},"author":1,"featured_media":0,"comment_status":"open","ping_status":"open","sticky":false,"template":"","format":"standard","meta":{"fifu_image_url":"","fifu_image_alt":"","footnotes":""},"categories":[8,15],"tags":[],"class_list":["post-3203","post","type-post","status-publish","format-standard","hentry","category-featured","category-movimientos-sociales"],"_links":{"self":[{"href":"https:\/\/www.interaccionnoticias.com.mx\/index.php?rest_route=\/wp\/v2\/posts\/3203","targetHints":{"allow":["GET"]}}],"collection":[{"href":"https:\/\/www.interaccionnoticias.com.mx\/index.php?rest_route=\/wp\/v2\/posts"}],"about":[{"href":"https:\/\/www.interaccionnoticias.com.mx\/index.php?rest_route=\/wp\/v2\/types\/post"}],"author":[{"embeddable":true,"href":"https:\/\/www.interaccionnoticias.com.mx\/index.php?rest_route=\/wp\/v2\/users\/1"}],"replies":[{"embeddable":true,"href":"https:\/\/www.interaccionnoticias.com.mx\/index.php?rest_route=%2Fwp%2Fv2%2Fcomments&post=3203"}],"version-history":[{"count":0,"href":"https:\/\/www.interaccionnoticias.com.mx\/index.php?rest_route=\/wp\/v2\/posts\/3203\/revisions"}],"wp:attachment":[{"href":"https:\/\/www.interaccionnoticias.com.mx\/index.php?rest_route=%2Fwp%2Fv2%2Fmedia&parent=3203"}],"wp:term":[{"taxonomy":"category","embeddable":true,"href":"https:\/\/www.interaccionnoticias.com.mx\/index.php?rest_route=%2Fwp%2Fv2%2Fcategories&post=3203"},{"taxonomy":"post_tag","embeddable":true,"href":"https:\/\/www.interaccionnoticias.com.mx\/index.php?rest_route=%2Fwp%2Fv2%2Ftags&post=3203"}],"curies":[{"name":"wp","href":"https:\/\/api.w.org\/{rel}","templated":true}]}}