{"id":3185,"date":"2017-03-28T17:29:58","date_gmt":"2017-03-28T23:29:58","guid":{"rendered":"http:\/\/www.inter-accion.com.mx\/?p=3185"},"modified":"2017-03-28T17:29:58","modified_gmt":"2017-03-28T23:29:58","slug":"cepi-de-la-cnop-guerrero-esta-todo-listo-para-el-registro-de-aspirantes-a-la-dirigencia-estatal","status":"publish","type":"post","link":"https:\/\/www.interaccionnoticias.com.mx\/?p=3185","title":{"rendered":"CEPI de la CNOP Guerrero: \u201cEst\u00e1 todo listo para el registro de aspirantes a la dirigencia estatal\u201d"},"content":{"rendered":"<p><span style=\"font-weight: 400;\">Por indicaciones del presidente del CDE del PRI, Heriberto Huicochea V\u00e1zquez, el delegado general del CEN del PRI, Jos\u00e9 Parcero L\u00f3pez, y el delegado del CEN de la CNOP en la entidad, Enrique Granados Filorio, acompa\u00f1ados de la Comisi\u00f3n Estatal de Procesos Internos de ese sector, se encuentran trabajando en la preparaci\u00f3n del registro de aspirantes a ocupar la nueva dirigencia estatal de la Confederaci\u00f3n Nacional de Organizaciones Populares, que se realizar\u00e1 este mi\u00e9rcoles 29 de marzo en las oficinas de la sede estatal del partido tricolor.<\/span><br \/>\n&nbsp;<br \/>\n<span style=\"font-weight: 400;\">La CEPI de la CNOP, encabezado por su presidente Juan Agama Monta\u00f1o; secretario, Cuauht\u00e9moc Eugenio Renter\u00eda; Vocales: Mar\u00eda Hilda Loaeza Ben\u00edtez; Arqu\u00edmedes D\u00edaz Justo; Luz Marina Santos Castro; Rogelio Garc\u00eda Villegas; Esmeralda Valle Garz\u00f3n y Diana de la O Jim\u00e9nez, informaron que se encuentran revisando que la organizaci\u00f3n del registro sea de acuerdo a lo que marca la respectiva Convocatoria, publicada el pasado 18 de marzo en los estrados del PRI Guerrero y en la p\u00e1gina de Internet del PRI, como marcan los estatutos del sector y los del partido.<\/span><br \/>\n&nbsp;<br \/>\n<span style=\"font-weight: 400;\">Agama Monta\u00f1o consider\u00f3 que ya todo est\u00e1 listo para realizar el registro de aspirantes en tiempo y forma, ya que los integrantes de la Comisi\u00f3n Estatal de Procesos Internos de la CNOP han revisado minuciosamente la normatividad junto con el delegado del CEN del sector, Enrique Granados Filorio para que el registre se realice sin contratiempos a partir de las 10:00 horas.<\/span><br \/>\n<span style=\"font-weight: 400;\">&nbsp;<\/span><br \/>\n&nbsp;<\/p>\n","protected":false},"excerpt":{"rendered":"<p>Por indicaciones del presidente del CDE del PRI, Heriberto Huicochea V\u00e1zquez, el delegado general del CEN del PRI, Jos\u00e9 Parcero L\u00f3pez, y el delegado del CEN de la CNOP en&hellip; <\/p>\n","protected":false},"author":1,"featured_media":0,"comment_status":"open","ping_status":"open","sticky":false,"template":"","format":"standard","meta":{"fifu_image_url":"","fifu_image_alt":"","footnotes":""},"categories":[8,18],"tags":[],"class_list":["post-3185","post","type-post","status-publish","format-standard","hentry","category-featured","category-partidos-politicos"],"_links":{"self":[{"href":"https:\/\/www.interaccionnoticias.com.mx\/index.php?rest_route=\/wp\/v2\/posts\/3185","targetHints":{"allow":["GET"]}}],"collection":[{"href":"https:\/\/www.interaccionnoticias.com.mx\/index.php?rest_route=\/wp\/v2\/posts"}],"about":[{"href":"https:\/\/www.interaccionnoticias.com.mx\/index.php?rest_route=\/wp\/v2\/types\/post"}],"author":[{"embeddable":true,"href":"https:\/\/www.interaccionnoticias.com.mx\/index.php?rest_route=\/wp\/v2\/users\/1"}],"replies":[{"embeddable":true,"href":"https:\/\/www.interaccionnoticias.com.mx\/index.php?rest_route=%2Fwp%2Fv2%2Fcomments&post=3185"}],"version-history":[{"count":0,"href":"https:\/\/www.interaccionnoticias.com.mx\/index.php?rest_route=\/wp\/v2\/posts\/3185\/revisions"}],"wp:attachment":[{"href":"https:\/\/www.interaccionnoticias.com.mx\/index.php?rest_route=%2Fwp%2Fv2%2Fmedia&parent=3185"}],"wp:term":[{"taxonomy":"category","embeddable":true,"href":"https:\/\/www.interaccionnoticias.com.mx\/index.php?rest_route=%2Fwp%2Fv2%2Fcategories&post=3185"},{"taxonomy":"post_tag","embeddable":true,"href":"https:\/\/www.interaccionnoticias.com.mx\/index.php?rest_route=%2Fwp%2Fv2%2Ftags&post=3185"}],"curies":[{"name":"wp","href":"https:\/\/api.w.org\/{rel}","templated":true}]}}