{"id":31847,"date":"2020-06-01T19:24:07","date_gmt":"2020-06-02T00:24:07","guid":{"rendered":"http:\/\/www.inter-accion.com.mx\/?p=31847"},"modified":"2022-01-02T21:44:04","modified_gmt":"2022-01-03T03:44:04","slug":"organizaciones-exigen-al-congreso-local-aprobar-la-iniciativa-de-reforma-sobre-derechos-y-cultura-indigena","status":"publish","type":"post","link":"https:\/\/www.interaccionnoticias.com.mx\/?p=31847","title":{"rendered":"Organizaciones exigen al Congreso local aprobar la Iniciativa de Reforma sobre Derechos y Cultura Ind\u00edgena"},"content":{"rendered":"<p><em><strong>De lo contrario no permitir\u00e1n el desarrollo de las elecciones de 2021, advierten<\/strong><\/em><br \/>\nRepresentantes de la Coordinadora Regional de Autoridades Comunitarias (CRAC), la Uni\u00f3n de Pueblos y Organizaciones del Estado de Guerrero (UPOEG) y el Centro de Derechos Humanos de la Monta\u00f1a (CDHM), entre otras grupos, exigieron al Congreso local la aprobaci\u00f3n de la reforma sobre Derechos y Cultura Ind\u00edgena, de lo contrario, advierten que no permitir\u00e1n el desarrollo de os comicios de 2021.<br \/>\nLa jornada del lunes 1 de junio, los grupos de activistas de diferentes organizaciones llegaron para plantarse frente a las instalaciones del Congreso local, con la intenci\u00f3n de plantear la instalaci\u00f3n de una mesa de dialogo con la Junta de Coordinaci\u00f3n Pol\u00edtica (Jucopo).<br \/>\nVidulfo Rosales Sierra, abogado de Tlalchinollan, explic\u00f3 que la propuesta de reforma que impulsan los grupos ind\u00edgenas es muy integral, pues reconoce la pluriculturalidad del estado de Guerrero, el derecho al territorio, a la libre determinaci\u00f3n, al ejercicio de los sistemas normativos, a la seguridad y justicia comunitaria.<br \/>\nLament\u00f3 que los diputados locales pretendan aprobar su propia propuesta de reforma, la cual calific\u00f3 como acotada pero con la intenci\u00f3n de cerrarle el paso a la reforma integral que plantearon los representantes de los pueblos originarios.<br \/>\n\u201cLo est\u00e1n haciendo ya casi en el \u00faltimo periodo de sesione para evitar que la reforma que nosotros planteamos se apruebe, para que no podamos participar los pueblos ind\u00edgenas en este proceso electoral\u201d.<br \/>\nRosales Sierra sostuvo que los diputados locales han estado posponiendo de manera reiterada la aprobaci\u00f3n de dictamen relacionado con la iniciativa desde el a\u00f1o pasado que la presentaron.<br \/>\nEn la propuesta presentada por la Comisi\u00f3n de Asuntos Ind\u00edgenas, incluye la propuesta de que \u201cen una demarcaci\u00f3n con m\u00e1s del 40 por ciento de poblaci\u00f3n ind\u00edgena se deben hacer elecciones por usos y costumbres\u201d, por es insisti\u00f3 en el reclamo de dicha iniciativa se apruebe.<br \/>\nA la propuesta encabezada por las cinco casas de justicia de la CRAC se sum\u00f3 el dirigente de la UPOEG, Bruno Placido Valerio, representantes de los Pueblos del Alto Balsas, adem\u00e1s de la Coordinadora Estatal de Trabajadores de la Educaci\u00f3n del Estado de Guerrero (CETEG).<br \/>\nUna comisi\u00f3n de diputados recibi\u00f3 a los representantes de las organizaciones, el encuentro termin\u00f3 con el compromiso de que s\u00ed se incorporar\u00e1n algunas de las propuestas presentadas, para lo cual se instalar\u00e1 el 24 de junio una mesa t\u00e9cnica donde las organizaciones ind\u00edgenas podr\u00e1n defender la iniciativa que ya est\u00e1 en tr\u00e1mite.<\/p>\n","protected":false},"excerpt":{"rendered":"<p>De lo contrario no permitir\u00e1n el desarrollo de las elecciones de 2021, advierten Representantes de la Coordinadora Regional de Autoridades Comunitarias (CRAC), la Uni\u00f3n de Pueblos y Organizaciones del Estado&hellip; <\/p>\n","protected":false},"author":1,"featured_media":0,"comment_status":"closed","ping_status":"closed","sticky":false,"template":"","format":"standard","meta":{"fifu_image_url":"","fifu_image_alt":"","footnotes":""},"categories":[15],"tags":[],"class_list":["post-31847","post","type-post","status-publish","format-standard","hentry","category-movimientos-sociales"],"_links":{"self":[{"href":"https:\/\/www.interaccionnoticias.com.mx\/index.php?rest_route=\/wp\/v2\/posts\/31847","targetHints":{"allow":["GET"]}}],"collection":[{"href":"https:\/\/www.interaccionnoticias.com.mx\/index.php?rest_route=\/wp\/v2\/posts"}],"about":[{"href":"https:\/\/www.interaccionnoticias.com.mx\/index.php?rest_route=\/wp\/v2\/types\/post"}],"author":[{"embeddable":true,"href":"https:\/\/www.interaccionnoticias.com.mx\/index.php?rest_route=\/wp\/v2\/users\/1"}],"replies":[{"embeddable":true,"href":"https:\/\/www.interaccionnoticias.com.mx\/index.php?rest_route=%2Fwp%2Fv2%2Fcomments&post=31847"}],"version-history":[{"count":1,"href":"https:\/\/www.interaccionnoticias.com.mx\/index.php?rest_route=\/wp\/v2\/posts\/31847\/revisions"}],"predecessor-version":[{"id":39896,"href":"https:\/\/www.interaccionnoticias.com.mx\/index.php?rest_route=\/wp\/v2\/posts\/31847\/revisions\/39896"}],"wp:attachment":[{"href":"https:\/\/www.interaccionnoticias.com.mx\/index.php?rest_route=%2Fwp%2Fv2%2Fmedia&parent=31847"}],"wp:term":[{"taxonomy":"category","embeddable":true,"href":"https:\/\/www.interaccionnoticias.com.mx\/index.php?rest_route=%2Fwp%2Fv2%2Fcategories&post=31847"},{"taxonomy":"post_tag","embeddable":true,"href":"https:\/\/www.interaccionnoticias.com.mx\/index.php?rest_route=%2Fwp%2Fv2%2Ftags&post=31847"}],"curies":[{"name":"wp","href":"https:\/\/api.w.org\/{rel}","templated":true}]}}