{"id":31781,"date":"2020-05-26T17:37:52","date_gmt":"2020-05-26T22:37:52","guid":{"rendered":"http:\/\/www.inter-accion.com.mx\/?p=31781"},"modified":"2022-01-02T21:44:39","modified_gmt":"2022-01-03T03:44:39","slug":"detectan-51-casos-de-covid-19-en-minera-de-guerrero","status":"publish","type":"post","link":"https:\/\/www.interaccionnoticias.com.mx\/?p=31781","title":{"rendered":"Detectan 51 casos de Covid-19 en minera de Guerrero"},"content":{"rendered":"<p>El complejo minero \u201cLos Filos\u201d propiedad de la empresa Equinox Gold con sede en el municipio de Eduardo Neri, ubicada en la regi\u00f3n centro del estado de Guerrero confirm\u00f3 por medio de un comunicado la detecci\u00f3n de 51 casos confirmados de COVID-19 dentro de su personal.<br \/>\nEn el comunicado la empresa minera resalta el hecho de que par\u00f3 sus operaciones desde inicios del mes de abril conforme fue decretada la cuarentena por coronavirus y por recomendaci\u00f3n de la secretar\u00eda de Salud, tras ser declarada por el gobierno federal a la miner\u00eda como actividad esencial el 18 de mayo se realizaron los preparativos convenientes y rigurosos de salud para retornar a sus labores.<br \/>\nDentro de los preparativos se realizaron 605 pruebas de PCR de detecci\u00f3n de Covid-19 a sus empleados, de las que se obtuvieron 51 resultados positivos asintom\u00e1ticos, por lo que fueron regresados a sus hogares para evitar la propagaci\u00f3n del virus y mantener un aislamiento individual, mientras que los dem\u00e1s trabajadores permanecer\u00e1n bajo observaci\u00f3n y nuevas pruebas para descartar la existencia del virus antes de que se retomen las actividades mineras.<br \/>\nEn el escrito el gerente general del complejo los Filos Rodolfo Balderrama, asegura que el tema del COVID-19 es tomado muy enserio por la empresa, por lo que permanecen en constante comunicaci\u00f3n con el sindicato de trabajadores, comunidades locales, autoridades y expertos en salud para salvaguardar el bienestar econ\u00f3mico y f\u00edsico de sus trabajadores, proveedores y comunidades locales.<\/p>\n","protected":false},"excerpt":{"rendered":"<p>El complejo minero \u201cLos Filos\u201d propiedad de la empresa Equinox Gold con sede en el municipio de Eduardo Neri, ubicada en la regi\u00f3n centro del estado de Guerrero confirm\u00f3 por&hellip; <\/p>\n","protected":false},"author":1,"featured_media":0,"comment_status":"closed","ping_status":"closed","sticky":false,"template":"","format":"standard","meta":{"fifu_image_url":"","fifu_image_alt":"","footnotes":""},"categories":[23],"tags":[],"class_list":["post-31781","post","type-post","status-publish","format-standard","hentry","category-regionales"],"_links":{"self":[{"href":"https:\/\/www.interaccionnoticias.com.mx\/index.php?rest_route=\/wp\/v2\/posts\/31781","targetHints":{"allow":["GET"]}}],"collection":[{"href":"https:\/\/www.interaccionnoticias.com.mx\/index.php?rest_route=\/wp\/v2\/posts"}],"about":[{"href":"https:\/\/www.interaccionnoticias.com.mx\/index.php?rest_route=\/wp\/v2\/types\/post"}],"author":[{"embeddable":true,"href":"https:\/\/www.interaccionnoticias.com.mx\/index.php?rest_route=\/wp\/v2\/users\/1"}],"replies":[{"embeddable":true,"href":"https:\/\/www.interaccionnoticias.com.mx\/index.php?rest_route=%2Fwp%2Fv2%2Fcomments&post=31781"}],"version-history":[{"count":1,"href":"https:\/\/www.interaccionnoticias.com.mx\/index.php?rest_route=\/wp\/v2\/posts\/31781\/revisions"}],"predecessor-version":[{"id":39897,"href":"https:\/\/www.interaccionnoticias.com.mx\/index.php?rest_route=\/wp\/v2\/posts\/31781\/revisions\/39897"}],"wp:attachment":[{"href":"https:\/\/www.interaccionnoticias.com.mx\/index.php?rest_route=%2Fwp%2Fv2%2Fmedia&parent=31781"}],"wp:term":[{"taxonomy":"category","embeddable":true,"href":"https:\/\/www.interaccionnoticias.com.mx\/index.php?rest_route=%2Fwp%2Fv2%2Fcategories&post=31781"},{"taxonomy":"post_tag","embeddable":true,"href":"https:\/\/www.interaccionnoticias.com.mx\/index.php?rest_route=%2Fwp%2Fv2%2Ftags&post=31781"}],"curies":[{"name":"wp","href":"https:\/\/api.w.org\/{rel}","templated":true}]}}