{"id":31667,"date":"2020-05-20T21:19:13","date_gmt":"2020-05-21T02:19:13","guid":{"rendered":"http:\/\/www.inter-accion.com.mx\/?p=31667"},"modified":"2020-05-20T21:19:13","modified_gmt":"2020-05-21T02:19:13","slug":"lider-parlamentario-del-pri-reconoce-que-el-gobierno-federal-cumple-con","status":"publish","type":"post","link":"https:\/\/www.interaccionnoticias.com.mx\/?p=31667","title":{"rendered":"L\u00edder parlamentario del PRI reconoce que el gobierno federal cumple con la entrega de fertilizante"},"content":{"rendered":"<p><strong>H\u00e9ctor Apreza Patr\u00f3n dialog\u00f3 con el titular de Sader, Miguel Garc\u00eda Winder<\/strong><br \/>\nLuego de sostener una reuni\u00f3n virtual con el subsecretario de Agricultura federal, Miguel Garc\u00eda Winder, el coordinador de la fracci\u00f3n parlamentaria del PRI en el Congreso Local, H\u00e9ctor Apreza Patr\u00f3n reconoci\u00f3 que el gobierno federal est\u00e1 cumpliendo con los campesinos guerrerenses en lo que se refiere a la distribuci\u00f3n del Fertilizante.<br \/>\nDurante el encuentro digital, dijo el legislador pri\u00edsta, el funcionario federal detall\u00f3 los avances que registra el programa de Fertilizante Gratuito, en cuanto a la validaci\u00f3n del padr\u00f3n de beneficiarios, distribuci\u00f3n del insumo a los municipios y la coordinaci\u00f3n que tienen con la Secretar\u00eda de Agricultura del estado y los ayuntamientos.<br \/>\nEn su intervenci\u00f3n de este lunes en la sesi\u00f3n virtual del Congreso Local, el pri\u00edsta reconoci\u00f3 la disposici\u00f3n que mostr\u00f3 el funcionario federal para atender a los campesinos del estado, \u201clo que da certidumbre a la implementaci\u00f3n de uno de los programas de mayor impacto para el desarrollo de Guerrero y que desde el a\u00f1o pasado coordina la federaci\u00f3n\u201d.<br \/>\nEl coordinador de los diputados locales del tricolor calific\u00f3 como bueno, con transparencia y rendici\u00f3n de cuentas el programa, lo que, asegur\u00f3, confirma que en este a\u00f1o hay una eficiente coordinaci\u00f3n de los tres \u00f3rdenes de gobierno.<br \/>\n\u201cCelebro que este a\u00f1o el programa de fertilizante, que es tan importante para el estado de Guerrero, haya mejorado sustancialmente, sin duda esto ha sido posible superando los malos entendidos, porque hay di\u00e1logo directo, coordinaci\u00f3n y desde luego la voluntad pol\u00edtica del gobierno federal, del gobierno del estado y de los gobiernos municipales para realizarlo\u201d, declar\u00f3 el legislador local.<br \/>\nPor su parte, el tambi\u00e9n diputado priista e integrante de la comisi\u00f3n de Desarrollo Rural del Congreso local, H\u00e9ctor Ocampo Arcos destaco la necesidad de que haya un mayor apoyo t\u00e9cnico para los campesinos con el objetivo de lograr un mejor aprovechamiento del fertilizante que reciben, y recomend\u00f3 que se cuide la validaci\u00f3n del padr\u00f3n de beneficiarios para que el programa pueda tener una mayor apertura.<br \/>\nEn esa reuni\u00f3n digital, Garc\u00eda Winder inform\u00f3 que la prioridad en cuanto a la distribuci\u00f3n es para las zonas alejadas de la entidad en donde se encuentran los productores que llamo de baja escala y agreg\u00f3 que se est\u00e1n atendiendo las peticiones de los alcaldes as\u00ed como la reintegraci\u00f3n en la coordinaci\u00f3n de la Secretar\u00eda de Agricultura en el estado.<br \/>\nApreza Patr\u00f3n record\u00f3 que luego de lo ocurrido en 2019 con el programa de Fertilizante, era importante replantear la estrategia de distribuci\u00f3n de dicho beneficio, y se dijo convencido de que los problemas se resuelven con acciones positivas, y en este sentido, contar con informaci\u00f3n directa es un tema fundamental, y si hay una duda o una falsa percepci\u00f3n, la mejor manera de acabar con ella es brindando informaci\u00f3n concreta.<\/p>\n","protected":false},"excerpt":{"rendered":"<p>H\u00e9ctor Apreza Patr\u00f3n dialog\u00f3 con el titular de Sader, Miguel Garc\u00eda Winder Luego de sostener una reuni\u00f3n virtual con el subsecretario de Agricultura federal, Miguel Garc\u00eda Winder, el coordinador de&hellip; <\/p>\n","protected":false},"author":1,"featured_media":0,"comment_status":"closed","ping_status":"closed","sticky":false,"template":"","format":"standard","meta":{"fifu_image_url":"","fifu_image_alt":"","footnotes":""},"categories":[2,8],"tags":[],"class_list":["post-31667","post","type-post","status-publish","format-standard","hentry","category-congreso","category-featured"],"_links":{"self":[{"href":"https:\/\/www.interaccionnoticias.com.mx\/index.php?rest_route=\/wp\/v2\/posts\/31667","targetHints":{"allow":["GET"]}}],"collection":[{"href":"https:\/\/www.interaccionnoticias.com.mx\/index.php?rest_route=\/wp\/v2\/posts"}],"about":[{"href":"https:\/\/www.interaccionnoticias.com.mx\/index.php?rest_route=\/wp\/v2\/types\/post"}],"author":[{"embeddable":true,"href":"https:\/\/www.interaccionnoticias.com.mx\/index.php?rest_route=\/wp\/v2\/users\/1"}],"replies":[{"embeddable":true,"href":"https:\/\/www.interaccionnoticias.com.mx\/index.php?rest_route=%2Fwp%2Fv2%2Fcomments&post=31667"}],"version-history":[{"count":0,"href":"https:\/\/www.interaccionnoticias.com.mx\/index.php?rest_route=\/wp\/v2\/posts\/31667\/revisions"}],"wp:attachment":[{"href":"https:\/\/www.interaccionnoticias.com.mx\/index.php?rest_route=%2Fwp%2Fv2%2Fmedia&parent=31667"}],"wp:term":[{"taxonomy":"category","embeddable":true,"href":"https:\/\/www.interaccionnoticias.com.mx\/index.php?rest_route=%2Fwp%2Fv2%2Fcategories&post=31667"},{"taxonomy":"post_tag","embeddable":true,"href":"https:\/\/www.interaccionnoticias.com.mx\/index.php?rest_route=%2Fwp%2Fv2%2Ftags&post=31667"}],"curies":[{"name":"wp","href":"https:\/\/api.w.org\/{rel}","templated":true}]}}