{"id":31652,"date":"2020-05-20T21:06:16","date_gmt":"2020-05-21T02:06:16","guid":{"rendered":"http:\/\/www.inter-accion.com.mx\/?p=31652"},"modified":"2020-05-20T21:06:16","modified_gmt":"2020-05-21T02:06:16","slug":"amarrados-como-animales-tres-campesinos","status":"publish","type":"post","link":"https:\/\/www.interaccionnoticias.com.mx\/?p=31652","title":{"rendered":"Amarrados como animales tres campesinos"},"content":{"rendered":"<p><strong>Desde hace m\u00e1s de dos meses detenidos<\/strong><br \/>\n<strong><br \/>\nAnte la FGE hay denuncia por privaci\u00f3n de la libertad<\/strong><br \/>\nAcapulco, Gro. \u2013 Familiares de tres ind\u00edgenas de la comunidad de Rio Velero, est\u00e1n encadenados en una casa de justicia desde hace casi dos meses, en las instalaciones del Ministerio P\u00fablico en Ayutla de los Libres, Guerrero.<br \/>\nCon cartulinas, hombres, mujeres y ni\u00f1os denuncian la injerencia del Ministerio P\u00fablico Carlos Betancurt Cruz, a quien se\u00f1alan de estar en complicidad con los integrantes de la Coordinadora de la Casa de los Pueblos de Ayutla de los Libres y mantenerlos privados de su libertad.<br \/>\nEntre los detenidos est\u00e1 un hombre de 70 a\u00f1os de edad es Eleuterio Soto Guadalupe, y sus dos hijos Ignacio y Rodolfo Soto Dircio, dos de ellos amarrados de los pies con cadenas y candado.<br \/>\nCon relaci\u00f3n a la protesta, autoridades de la Fiscal\u00eda General del Estado, confirmaron que el pasado s\u00e1bado, familiares de tres detenidos, presentaron una denuncia por privaci\u00f3n ilegal de la libertad.<br \/>\nEn las instalaciones de la agencia del Ministerio P\u00fablico los familiares realizaron una protesta donde claman al gobernador H\u00e9ctor Astudillo Flores y al fiscal Jorge Zuriel de los Santos por justicia.<br \/>\nAdem\u00e1s, muestran fotograf\u00edas en las que denuncian \u201cAbusos hacia nuestros familiares\u201d, en otra de las cartulinas se puede leer \u201cTitular Carlos Betancourt Cruz, corrupto, deje de manipular e inventar pruebas que no existen\u201d, y \u201cQue los liberen de inmediato\u201d, entre otras.<br \/>\nEn un escrito publicado en redes sociales, acusan que a dos de sus familiares los tienen \u201camarrados como animales\u201d.<br \/>\nAseguran que son habitantes de la comunidad de Rio Velero, municipio de Ayutla de los Libres, y reiteran que el titular de la agencia del MP, \u201cpor dinero manipula las carpetas de investigaci\u00f3n\u201d.<br \/>\nDicen que \u201ctrabaja con los Coordinadores de la Casa de los Pueblos de Ayutla, los cuales, detiene a los ciudadanos para extorsionarlos, y que est\u00e1 ligado al grupo armado de la UPOEG\u201d.<\/p>\n","protected":false},"excerpt":{"rendered":"<p>Desde hace m\u00e1s de dos meses detenidos Ante la FGE hay denuncia por privaci\u00f3n de la libertad Acapulco, Gro. \u2013 Familiares de tres ind\u00edgenas de la comunidad de Rio Velero,&hellip; <\/p>\n","protected":false},"author":1,"featured_media":0,"comment_status":"closed","ping_status":"closed","sticky":false,"template":"","format":"standard","meta":{"fifu_image_url":"","fifu_image_alt":"","footnotes":""},"categories":[8,23],"tags":[],"class_list":["post-31652","post","type-post","status-publish","format-standard","hentry","category-featured","category-regionales"],"_links":{"self":[{"href":"https:\/\/www.interaccionnoticias.com.mx\/index.php?rest_route=\/wp\/v2\/posts\/31652","targetHints":{"allow":["GET"]}}],"collection":[{"href":"https:\/\/www.interaccionnoticias.com.mx\/index.php?rest_route=\/wp\/v2\/posts"}],"about":[{"href":"https:\/\/www.interaccionnoticias.com.mx\/index.php?rest_route=\/wp\/v2\/types\/post"}],"author":[{"embeddable":true,"href":"https:\/\/www.interaccionnoticias.com.mx\/index.php?rest_route=\/wp\/v2\/users\/1"}],"replies":[{"embeddable":true,"href":"https:\/\/www.interaccionnoticias.com.mx\/index.php?rest_route=%2Fwp%2Fv2%2Fcomments&post=31652"}],"version-history":[{"count":0,"href":"https:\/\/www.interaccionnoticias.com.mx\/index.php?rest_route=\/wp\/v2\/posts\/31652\/revisions"}],"wp:attachment":[{"href":"https:\/\/www.interaccionnoticias.com.mx\/index.php?rest_route=%2Fwp%2Fv2%2Fmedia&parent=31652"}],"wp:term":[{"taxonomy":"category","embeddable":true,"href":"https:\/\/www.interaccionnoticias.com.mx\/index.php?rest_route=%2Fwp%2Fv2%2Fcategories&post=31652"},{"taxonomy":"post_tag","embeddable":true,"href":"https:\/\/www.interaccionnoticias.com.mx\/index.php?rest_route=%2Fwp%2Fv2%2Ftags&post=31652"}],"curies":[{"name":"wp","href":"https:\/\/api.w.org\/{rel}","templated":true}]}}