{"id":31645,"date":"2020-05-20T20:46:16","date_gmt":"2020-05-21T01:46:16","guid":{"rendered":"http:\/\/www.inter-accion.com.mx\/?p=31645"},"modified":"2020-05-20T20:46:16","modified_gmt":"2020-05-21T01:46:16","slug":"morena-exige-que-el-congreso-apruebe-la-iniciativa-sobre-derechos-y-cultura-indigena","status":"publish","type":"post","link":"https:\/\/www.interaccionnoticias.com.mx\/?p=31645","title":{"rendered":"Morena exige que el Congreso apruebe la iniciativa sobre derechos y cultura ind\u00edgena"},"content":{"rendered":"<p><strong>PRD llama a no legislar en los medios ni solo \u201cpara quedar bien\u201d<\/strong><br \/>\nEl presidente de la Comisi\u00f3n de Asuntos Ind\u00edgenas del Congreso local, Arist\u00f3teles Tito Arroyo consider\u00f3 urgente acatar la resoluci\u00f3n emitida por la Suprema Corte de Justicia de la Naci\u00f3n (SCJN) en torno a las leyes 701, en materia de Derechos y Cultura Ind\u00edgena y la 777 de Seguridad P\u00fablica de Estado, lo que fue reconvenido por sus compa\u00f1eros del PRD, Bernardo Ortega Jim\u00e9nez y Fabiola Rafael Dircio, quienes le solicitaron no legislar en los medios ni al vapor.<br \/>\nEn la sesi\u00f3n virtual que se desarroll\u00f3 la jornada del mi\u00e9rcoles, el diputado Tito Arroyo, tambi\u00e9n integrante de la fracci\u00f3n parlamentaria de Morena record\u00f3 que el pasado 20 de abril, la SCJN emiti\u00f3 en pleno una sentencia de acci\u00f3n de inconstitucionalidad n\u00famero 81\/2018, misma que fue promovida por la Comisi\u00f3n Nacional de Derechos Humanos (CNDH) en contra de las reformas hechas por la 61 Legislatura a la 701 y la 777.<br \/>\nEn la valoraci\u00f3n de los ministros de la Corte, se se\u00f1ala que no hubo una consulta a los pueblos que resultar\u00edan afectados por las modificaciones aprobadas en la legislatura anterior, pues no hubo la oportunidad de que hicieran valer sus argumentos y razones.<br \/>\nLa resoluci\u00f3n de la SCJN, de acuerdo con el legislador marca un parteaguas importante en materia de derechos y cultura ind\u00edgena, porque se est\u00e1 obligando al legislativo a recurrir a la consulta previa, libre, informada y de buena fe en temas que impactan a la vida de los pueblos.<br \/>\nPor esa raz\u00f3n, el representante popular hizo un llamado a que de manera inmediata, la 62 Legislatura acate la reforma constitucional presentada en noviembre de 2019, al considerar que cumple con las consideraciones plasmadas en la resoluci\u00f3n de la SCJN.<br \/>\nLa intenci\u00f3n es que la iniciativa se apruebe antes de que finalice mayo, para efecto de que pueda pasar a los cabildos municipales y de estos el 50 por ciento m\u00e1s uno le otrgue el visto bueno, para que pueda entrar en vigor.<br \/>\n<strong>No legislar en los medios<\/strong><br \/>\nEl coordinador de la bancada del PRD, Bernardo Ortega Jim\u00e9nez pidi\u00f3 a sus compa\u00f1eros ser muy cuidadosos del marco legislativo y no aprender legislar en medios de comunicaci\u00f3n.<br \/>\nAl diputado Ortega Jim\u00e9nez le pareci\u00f3 acelerado, fue que la decisi\u00f3n de la Suprema Corte de Justicia de la Naci\u00f3n ni siquiera ha sido notificada a las \u00e1reas correspondientes del Congreso.<br \/>\nY expuso: \u201cComo poder Legislativo debemos ser muy respetuosos del marco legislativo, no podemos entrar al estudio, a dictaminar, porque ni siquiera nos ha llegado la notificaci\u00f3n de manera virtual o por correo, aqu\u00ed a la presidencia de la Jucopo o a la Secretar\u00eda de Asuntos Parlamentarios\u201d.<br \/>\nY agreg\u00f3 que lo que se requiere es una asesor\u00eda legal al Congreso del Estado \u201cpara que podamos entender por qu\u00e9 no podemos hacer nada, sencillo, porque no se nos ha notificado y menos se ha publicado para que surta efecto esta controversia constitucional\u201d, apunt\u00f3.<br \/>\nOrtega Jim\u00e9nez record\u00f3 a sus compa\u00f1eros de legislatura: \u201cNosotros no debatimos en los medios, los temas importantes como estos. Aqu\u00ed es donde hay que debatirlo, con sustento legal y no solo querer quedar bien nada m\u00e1s\u201d.<br \/>\nPor su parte la diputada Fabiola Rafael Dircio, tambi\u00e9n del PRD, dijo que la sentencia dictada por la SCJN, donde declar\u00f3 la inconstitucionalidad de las \u00faltimas reformas en materia ind\u00edgena, surtir\u00e1n sus efectos una vez que sea publicada en el Diario Oficial de la Federaci\u00f3n, situaci\u00f3n que hasta esta fecha no acontece.<br \/>\nY record\u00f3 que la causa que provoc\u00f3 la inconstitucionalidad fue que no se llev\u00f3 a cabo la consulta con los par\u00e1metros que exige esa instancia, misma que otorg\u00f3 un plazo de 12 meses al Congreso de Guerrero para que lleve a cabo el proceso legislativo en materia ind\u00edgena, debiendo realizarse la consulta a los pueblos y comunidades en los t\u00e9rminos que establece la resoluci\u00f3n de inconstitucionalidad.<br \/>\nAnte esa situaci\u00f3n asever\u00f3: \u201cEn el Congreso del Estado nos hemos dado a la tarea de construir un dictamen que sea congruente y que responda a los requerimientos de las instancias internacionales\u201d.<br \/>\nPor eso que consider\u00f3 que una reforma integral en materia ind\u00edgena, requiere una alta participaci\u00f3n social y pol\u00edtica, sobre todo de una consulta a los pueblos y comunidades que cumpla con los criterios exigidos por la SCJN, lo que implica no caer en el error de legislar con prisa y sin realizar el procedimiento adecuado.<\/p>\n","protected":false},"excerpt":{"rendered":"<p>PRD llama a no legislar en los medios ni solo \u201cpara quedar bien\u201d El presidente de la Comisi\u00f3n de Asuntos Ind\u00edgenas del Congreso local, Arist\u00f3teles Tito Arroyo consider\u00f3 urgente acatar&hellip; <\/p>\n","protected":false},"author":1,"featured_media":0,"comment_status":"closed","ping_status":"closed","sticky":false,"template":"","format":"standard","meta":{"fifu_image_url":"","fifu_image_alt":"","footnotes":""},"categories":[8,18],"tags":[],"class_list":["post-31645","post","type-post","status-publish","format-standard","hentry","category-featured","category-partidos-politicos"],"_links":{"self":[{"href":"https:\/\/www.interaccionnoticias.com.mx\/index.php?rest_route=\/wp\/v2\/posts\/31645","targetHints":{"allow":["GET"]}}],"collection":[{"href":"https:\/\/www.interaccionnoticias.com.mx\/index.php?rest_route=\/wp\/v2\/posts"}],"about":[{"href":"https:\/\/www.interaccionnoticias.com.mx\/index.php?rest_route=\/wp\/v2\/types\/post"}],"author":[{"embeddable":true,"href":"https:\/\/www.interaccionnoticias.com.mx\/index.php?rest_route=\/wp\/v2\/users\/1"}],"replies":[{"embeddable":true,"href":"https:\/\/www.interaccionnoticias.com.mx\/index.php?rest_route=%2Fwp%2Fv2%2Fcomments&post=31645"}],"version-history":[{"count":0,"href":"https:\/\/www.interaccionnoticias.com.mx\/index.php?rest_route=\/wp\/v2\/posts\/31645\/revisions"}],"wp:attachment":[{"href":"https:\/\/www.interaccionnoticias.com.mx\/index.php?rest_route=%2Fwp%2Fv2%2Fmedia&parent=31645"}],"wp:term":[{"taxonomy":"category","embeddable":true,"href":"https:\/\/www.interaccionnoticias.com.mx\/index.php?rest_route=%2Fwp%2Fv2%2Fcategories&post=31645"},{"taxonomy":"post_tag","embeddable":true,"href":"https:\/\/www.interaccionnoticias.com.mx\/index.php?rest_route=%2Fwp%2Fv2%2Ftags&post=31645"}],"curies":[{"name":"wp","href":"https:\/\/api.w.org\/{rel}","templated":true}]}}