{"id":31642,"date":"2020-05-20T20:43:24","date_gmt":"2020-05-21T01:43:24","guid":{"rendered":"http:\/\/www.inter-accion.com.mx\/?p=31642"},"modified":"2020-05-20T20:43:24","modified_gmt":"2020-05-21T01:43:24","slug":"la-uagro-incorporara-en-sus-programas-de-estudios-asignaturas-que-promuevan-la-cultura-de-paz","status":"publish","type":"post","link":"https:\/\/www.interaccionnoticias.com.mx\/?p=31642","title":{"rendered":"La UAGro incorporar\u00e1 en sus programas de estudios asignaturas que promuevan la Cultura de Paz"},"content":{"rendered":"<p><strong>Como parte del proceso encaminado a mejorar los nivele de convivencia social en la entidad<\/strong><br \/>\nEl coordinador de la \u201cCatedra por la Paz\u201d, C\u00e9sar P\u00e9rez Gamboa, informo que la Universidad Aut\u00f3noma de Guerrero (UAGro), dentro de sus programas acad\u00e9micos, implementar\u00e1 asignaturas transversales para fomentar en los estudiantes de preparatoria y Nivel Superior una cultura de paz.<br \/>\nEsto se dio a conocer durante el Seminario Virtual \u201cAcciones de la Construcci\u00f3n de Paz desde la Universidad Aut\u00f3noma de Guerrero\u201d.<br \/>\nCon eso, el alma mater del estado de Guerrero se convierte en una de las primeras universidades del pa\u00eds que se integran al programa \u201cJuntos por la Paz\u201d, el cual es impulsado por el gobierno de M\u00e9xico, y con las las universidades que integran la Asociaci\u00f3n Nacional de Universidades e Instituciones de Educaci\u00f3n Superior (ANUIES), buscar\u00e1n implementar una agenda de investigaci\u00f3n que contribuya con la generaci\u00f3n de paz en el estado.<br \/>\nPor su parte el rector de la UAGro, Javier Salda\u00f1a Almaz\u00e1n indic\u00f3 que las universidades fueron creadas para resolver problemas y \u201ceso lo hemos planteado en la ANUIES; la paz no se va a lograr si no hay justicia ni igualdad y las universidades jugamos un papel fundamental para cultivar la paz en Guerrero\u201d.<br \/>\nRecord\u00f3 que, en los \u00faltimos a\u00f1os la UAGro ha fortalecido a la juventud del estado, porque se tiene el compromiso moral de encaminar a los j\u00f3venes por las acciones positivas; por lo que se est\u00e1n sentando las bases y poniendo el ejemplo de que existe la posibilidad de mejorar las condiciones de los m\u00e1s vulnerables y as\u00ed evitar que se encaminen hacia las actividades il\u00edcitas.<br \/>\nMientras que P\u00e9rez Gamboa inform\u00f3 que el Consejo Universitario (CU) ya aprob\u00f3 que en todas las preparatorias y licenciaturas de la UAGro se integre una materia dirigida a ense\u00f1ar a los estudiantes, los derechos humanos y las acciones primordiales para generar paz en Guerrero.<br \/>\nDijo que, la UAGro trabaja con el Gobierno de M\u00e9xico a trav\u00e9s del programa \u201cJuntos Por la Paz\u201d y una de las acciones que propuso la UAGro fue \u201ctrabajar con una agenda donde nuestros investigadores desarrollen proyectos sobre la generaci\u00f3n de la paz en nuestro estado y determinar las causas sociales y cualitativas que generan su ausencia\u201d.<br \/>\n\u201cPara la construcci\u00f3n de la paz estructural, es importante que desarrollemos tesis sobre asuntos de paz interdisciplinarios, es decir, que participen investigadores de diversas \u00e1reas como Medicina, Ingenier\u00eda y no solo de las Ciencias Sociales; es importante que la c\u00e1tedra debata sobre los temas actuales, que haga investigaci\u00f3n sobre violencia de g\u00e9nero, conflictos sociales en Guerrero feminismo etc\u00e9tera, porque as\u00ed lo plantea la Organizaci\u00f3n de Naciones Unidas (ONU)\u201d.<\/p>\n","protected":false},"excerpt":{"rendered":"<p>Como parte del proceso encaminado a mejorar los nivele de convivencia social en la entidad El coordinador de la \u201cCatedra por la Paz\u201d, C\u00e9sar P\u00e9rez Gamboa, informo que la Universidad&hellip; <\/p>\n","protected":false},"author":1,"featured_media":0,"comment_status":"closed","ping_status":"closed","sticky":false,"template":"","format":"standard","meta":{"fifu_image_url":"","fifu_image_alt":"","footnotes":""},"categories":[8,30],"tags":[],"class_list":["post-31642","post","type-post","status-publish","format-standard","hentry","category-featured","category-universidad"],"_links":{"self":[{"href":"https:\/\/www.interaccionnoticias.com.mx\/index.php?rest_route=\/wp\/v2\/posts\/31642","targetHints":{"allow":["GET"]}}],"collection":[{"href":"https:\/\/www.interaccionnoticias.com.mx\/index.php?rest_route=\/wp\/v2\/posts"}],"about":[{"href":"https:\/\/www.interaccionnoticias.com.mx\/index.php?rest_route=\/wp\/v2\/types\/post"}],"author":[{"embeddable":true,"href":"https:\/\/www.interaccionnoticias.com.mx\/index.php?rest_route=\/wp\/v2\/users\/1"}],"replies":[{"embeddable":true,"href":"https:\/\/www.interaccionnoticias.com.mx\/index.php?rest_route=%2Fwp%2Fv2%2Fcomments&post=31642"}],"version-history":[{"count":0,"href":"https:\/\/www.interaccionnoticias.com.mx\/index.php?rest_route=\/wp\/v2\/posts\/31642\/revisions"}],"wp:attachment":[{"href":"https:\/\/www.interaccionnoticias.com.mx\/index.php?rest_route=%2Fwp%2Fv2%2Fmedia&parent=31642"}],"wp:term":[{"taxonomy":"category","embeddable":true,"href":"https:\/\/www.interaccionnoticias.com.mx\/index.php?rest_route=%2Fwp%2Fv2%2Fcategories&post=31642"},{"taxonomy":"post_tag","embeddable":true,"href":"https:\/\/www.interaccionnoticias.com.mx\/index.php?rest_route=%2Fwp%2Fv2%2Ftags&post=31642"}],"curies":[{"name":"wp","href":"https:\/\/api.w.org\/{rel}","templated":true}]}}