{"id":3162,"date":"2017-03-27T19:02:17","date_gmt":"2017-03-28T01:02:17","guid":{"rendered":"http:\/\/www.inter-accion.com.mx\/?p=3162"},"modified":"2017-03-27T19:02:17","modified_gmt":"2017-03-28T01:02:17","slug":"sin-padres-de-los-43-estudiantes-de-ayotzinapa-marchan-en-iguala","status":"publish","type":"post","link":"https:\/\/www.interaccionnoticias.com.mx\/?p=3162","title":{"rendered":"Sin padres de los 43, estudiantes de Ayotzinapa marchan en Iguala"},"content":{"rendered":"<ul>\n<li>Conmemoran 30 meses de los ataques del 26 de septiembre<\/li>\n<\/ul>\n<p>&nbsp;<br \/>\n&nbsp;<br \/>\nSin la presencia de los padres de los 43, estudiantes de la Normal Rural de Ayotzinapa conmemoraron los 30 meses de los ataques cometidos por sicarios de Guerreros Unidos y personal de la Polic\u00eda Preventiva, en la cabecera municipal de Iguala.<br \/>\nLa de este lunes 27 de marzo, fue la primera ocasi\u00f3n en que los padres de los 43 normalistas desaparecidos durante la noche del 26 y la madrugada del 27 de septiembre, no acudieron a la marcha con la que tradicionalmente se reclama justicia.<br \/>\nV\u00eda telef\u00f3nica, el vocero del colectivo \u201cNos faltan 43\u201d, Felipe de la Cruz, explic\u00f3 que los padres decidieron trasladarse de manera directa, de la Ciudad de M\u00e9xico hacia la cabecera municipal de Tixtla, en donde se encuentra la Normal de Ayotzinapa.<br \/>\nExplic\u00f3 que la acci\u00f3n global que tuvo su momento culminante la tarde del domingo 26, en la Ciudad de M\u00e9xico result\u00f3 desgastante para los padres.<br \/>\nPor esa raz\u00f3n, desde la ma\u00f1ana del lunes 27, dos autobuses con estudiantes de la Normal salieron con rumbo a la ciudad de Iguala, a donde llegaron pasado el mediod\u00eda para tomar parte de una marcha en respaldo a una organizaci\u00f3n local.<br \/>\nDespu\u00e9s, alrededor de las 14:00 horas se concentraron en la Plaza Central, en donde colocaron 43 pupitres con el rostro enmarcado en cuadros de cada uno de los desaparecidos 30 meses atr\u00e1s.<br \/>\nPara las 16:00 horas, los estudiantes realizaron una marcha con destino a la carretera federal que comunica con el vecino municipio de Taxco, en la esquina que se forma con la avenida Juan N. Alvarez, lugar en el que se registr\u00f3 el ataque de la media noche del 26, cuando sus compa\u00f1eros desaparecidos ofrec\u00edan una conferencia de prensa.<br \/>\nTambi\u00e9n fueron al punto en el que se encontr\u00f3 el cad\u00e1ver desollado de Julio C\u00e9sar Mondrag\u00f3n Fontes, en lugares montaron una guardia de honor y depositaron ofrendas florales.<br \/>\nDespu\u00e9s volvieron en marcha hacia el centro de la ciudad, retiraron los cuadros con los rostros de sus compa\u00f1eros y se dispusieron a retornar hacia su escuela.<br \/>\nSolamente se qued\u00f3 una peque\u00f1a comisi\u00f3n acompa\u00f1ada de un grupo de profesores, quienes coordinaron un evento cultural que se prolong\u00f3 hasta entrada la noche.<\/p>\n","protected":false},"excerpt":{"rendered":"<p>Conmemoran 30 meses de los ataques del 26 de septiembre &nbsp; &nbsp; Sin la presencia de los padres de los 43, estudiantes de la Normal Rural de Ayotzinapa conmemoraron los&hellip; <\/p>\n","protected":false},"author":1,"featured_media":0,"comment_status":"open","ping_status":"open","sticky":false,"template":"","format":"standard","meta":{"fifu_image_url":"","fifu_image_alt":"","footnotes":""},"categories":[8,15],"tags":[],"class_list":["post-3162","post","type-post","status-publish","format-standard","hentry","category-featured","category-movimientos-sociales"],"_links":{"self":[{"href":"https:\/\/www.interaccionnoticias.com.mx\/index.php?rest_route=\/wp\/v2\/posts\/3162","targetHints":{"allow":["GET"]}}],"collection":[{"href":"https:\/\/www.interaccionnoticias.com.mx\/index.php?rest_route=\/wp\/v2\/posts"}],"about":[{"href":"https:\/\/www.interaccionnoticias.com.mx\/index.php?rest_route=\/wp\/v2\/types\/post"}],"author":[{"embeddable":true,"href":"https:\/\/www.interaccionnoticias.com.mx\/index.php?rest_route=\/wp\/v2\/users\/1"}],"replies":[{"embeddable":true,"href":"https:\/\/www.interaccionnoticias.com.mx\/index.php?rest_route=%2Fwp%2Fv2%2Fcomments&post=3162"}],"version-history":[{"count":0,"href":"https:\/\/www.interaccionnoticias.com.mx\/index.php?rest_route=\/wp\/v2\/posts\/3162\/revisions"}],"wp:attachment":[{"href":"https:\/\/www.interaccionnoticias.com.mx\/index.php?rest_route=%2Fwp%2Fv2%2Fmedia&parent=3162"}],"wp:term":[{"taxonomy":"category","embeddable":true,"href":"https:\/\/www.interaccionnoticias.com.mx\/index.php?rest_route=%2Fwp%2Fv2%2Fcategories&post=3162"},{"taxonomy":"post_tag","embeddable":true,"href":"https:\/\/www.interaccionnoticias.com.mx\/index.php?rest_route=%2Fwp%2Fv2%2Ftags&post=3162"}],"curies":[{"name":"wp","href":"https:\/\/api.w.org\/{rel}","templated":true}]}}