{"id":3153,"date":"2017-03-27T17:34:32","date_gmt":"2017-03-27T23:34:32","guid":{"rendered":"http:\/\/www.inter-accion.com.mx\/?p=3153"},"modified":"2017-03-27T17:34:32","modified_gmt":"2017-03-27T23:34:32","slug":"buscara-upoeg-que-se-le-incluya-en-la-ley-701","status":"publish","type":"post","link":"https:\/\/www.interaccionnoticias.com.mx\/?p=3153","title":{"rendered":"Buscar\u00e1 UPOEG que se le incluya en la Ley 701"},"content":{"rendered":"<p>* Para que su Polic\u00eda Ciudadana (PC) sea considerada como comunitaria<br \/>\n&nbsp;<br \/>\nEl dirigente de la Uni\u00f3n de Pueblos y Organizaciones del Estado de Guerrero (UPOEG), Bruno Placido Valerio sostuvo que la Polic\u00eda Ciudadana (PC) que dirige tambi\u00e9n puede considerarse como polic\u00eda comunitaria, pues se integra con base al sistema de usos y costumbres.<br \/>\nV\u00eda telef\u00f3nica, el tambi\u00e9n ex coordinador de la Coordinadora Regional de Autoridades Comunitarias (CRAC), sostuvo que la 701 abarca todo lo relacionado con el reconocimiento a los derechos y cultura de los pueblos ind\u00edgenas, de tal suerte que la discusi\u00f3n sobre la misma no est\u00e1 focalizada solo en el tema de la seguridad p\u00fablica.<br \/>\nEn ese aspecto, dijo que se ha manejado un debate muy parcial, en el que se pretende asumir que la vigencia de la Ley 701 solamente impactar\u00e1 en el reconocimiento o no de la existencia de la Polic\u00eda Comunitaria, como una forma de organizaci\u00f3n en materia de seguridad p\u00fablica en las comunidades que son habitadas mayoritariamente por poblaci\u00f3n ind\u00edgena.<br \/>\nPlacido Valerio refiri\u00f3 que conoce muy bien el tema, raz\u00f3n por la que tiene elementos para se\u00f1alar que hace falta una discusi\u00f3n m\u00e1s amplia sobre dicha ley, para evitar que el dictamen que actualmente trabajan las comisiones unidas de Justicia, as\u00ed como Derechos y Cultura Ind\u00edgena quede muy limitado.<br \/>\nDe hecho, Placido Valerio indic\u00f3 que hay elementos que permiten ubicar a la Polic\u00eda Ciudadana (PC), dependiente del Sistema de Seguridad y Justicia (SS y J) en el marco legal que representa la 701.<br \/>\nExplic\u00f3 que los integrantes de la PC, que tienen presencia en pueblos de la Costa Chica, regi\u00f3n Centro, comunidades de la Sierra y la zona rural de Acapulco tambi\u00e9n se nombran en asamblea, como indica la ley de referencia.<br \/>\nEn cuanto a las consideraciones que existen para ubicar a la poblaci\u00f3n ind\u00edgena en una localidad determinada, dijo que basta con esperar una declaratoria en la que los habitantes de un pueblo se declaren abiertamente como integrantes de alguno de los grupos \u00e9tnicos que tienen presencia en la entidad.<br \/>\nEn todo caso, dijo que el Congreso local debe establecer claramente que mecanismo se utiliza para reconocer a los habitantes de una comunidad como poblaci\u00f3n ind\u00edgena.<br \/>\nPor esa raz\u00f3n, insisti\u00f3 en que la discusi\u00f3n sobre la 701 es muy amplia, de tal suerte que la UPOEG ha seguido el curso de los trabajos del Congreso y tambi\u00e9n ha buscado la forma de que sus posturas se tomen en cuenta.<br \/>\nLa Uni\u00f3n de Pueblos surgi\u00f3 como autodefensa el 6 de enero de 2013, cuando cientos de hombres armados, la mayor\u00eda con el rostro cubierto con paliacates y pasamonta\u00f1as tomaron el control de cuatro municipios de la Costa Chica; Ayutla, Tecoanapa, San Marcos y Cruz Grande.<br \/>\nCon el paso de los a\u00f1os, la UPOEG tiene una Polic\u00eda Ciudadana (PC) integrada por cerca de 5 mil elementos, los que se encuentran distribuidos en la zona del valle de Chilpancingo, el \u00e1rea rural de Acapulco, parte de la Costa Chica y desde 2016 avanza en los pueblos del Filo Mayor, en la sierra de Guerrero.<\/p>\n","protected":false},"excerpt":{"rendered":"<p>* Para que su Polic\u00eda Ciudadana (PC) sea considerada como comunitaria &nbsp; El dirigente de la Uni\u00f3n de Pueblos y Organizaciones del Estado de Guerrero (UPOEG), Bruno Placido Valerio sostuvo&hellip; <\/p>\n","protected":false},"author":1,"featured_media":0,"comment_status":"open","ping_status":"open","sticky":false,"template":"","format":"standard","meta":{"fifu_image_url":"","fifu_image_alt":"","footnotes":""},"categories":[8,15],"tags":[],"class_list":["post-3153","post","type-post","status-publish","format-standard","hentry","category-featured","category-movimientos-sociales"],"_links":{"self":[{"href":"https:\/\/www.interaccionnoticias.com.mx\/index.php?rest_route=\/wp\/v2\/posts\/3153","targetHints":{"allow":["GET"]}}],"collection":[{"href":"https:\/\/www.interaccionnoticias.com.mx\/index.php?rest_route=\/wp\/v2\/posts"}],"about":[{"href":"https:\/\/www.interaccionnoticias.com.mx\/index.php?rest_route=\/wp\/v2\/types\/post"}],"author":[{"embeddable":true,"href":"https:\/\/www.interaccionnoticias.com.mx\/index.php?rest_route=\/wp\/v2\/users\/1"}],"replies":[{"embeddable":true,"href":"https:\/\/www.interaccionnoticias.com.mx\/index.php?rest_route=%2Fwp%2Fv2%2Fcomments&post=3153"}],"version-history":[{"count":0,"href":"https:\/\/www.interaccionnoticias.com.mx\/index.php?rest_route=\/wp\/v2\/posts\/3153\/revisions"}],"wp:attachment":[{"href":"https:\/\/www.interaccionnoticias.com.mx\/index.php?rest_route=%2Fwp%2Fv2%2Fmedia&parent=3153"}],"wp:term":[{"taxonomy":"category","embeddable":true,"href":"https:\/\/www.interaccionnoticias.com.mx\/index.php?rest_route=%2Fwp%2Fv2%2Fcategories&post=3153"},{"taxonomy":"post_tag","embeddable":true,"href":"https:\/\/www.interaccionnoticias.com.mx\/index.php?rest_route=%2Fwp%2Fv2%2Ftags&post=3153"}],"curies":[{"name":"wp","href":"https:\/\/api.w.org\/{rel}","templated":true}]}}