{"id":3146,"date":"2017-03-27T17:24:27","date_gmt":"2017-03-27T23:24:27","guid":{"rendered":"http:\/\/www.inter-accion.com.mx\/?p=3146"},"modified":"2017-03-27T17:24:27","modified_gmt":"2017-03-27T23:24:27","slug":"periodistas-marchan-y-exigen-garantias-para-su-labor","status":"publish","type":"post","link":"https:\/\/www.interaccionnoticias.com.mx\/?p=3146","title":{"rendered":"Periodistas marchan y exigen garant\u00edas para su labor"},"content":{"rendered":"<p><span style=\"font-weight: 400;\">Tres asesinados de comunicadores en menos de un mes<\/span><br \/>\n&nbsp;<br \/>\n<b>&nbsp;Acapulco, 24 de marzo.-<\/b><span style=\"font-weight: 400;\"> Con cartulinas, una manta negra y una marcha por las principales calles de Zihuatanejo y Acapulco, periodistas protestaron, exigiendo garant\u00edas para ejercer su actividad.<\/span><br \/>\n<span style=\"font-weight: 400;\">Lo anterior tras los cr\u00edmenes cometidos contra periodistas de Chihuahua, Miroslava Breach; de C\u00f3rdoba en el estado de Veracruz de Ricardo Monlu\u00ed y de Cecilio Pineda en Ciudad Altamirano, Guerrero.<\/span><br \/>\n<span style=\"font-weight: 400;\">Con cartulinas, el grupo de fot\u00f3grafos, camar\u00f3grafos y reporteros lo encabez\u00f3 Fernando Arriaga Ram\u00edrez, presidente de la Fraternidad de Periodistas de Ixtapa-Zihuatanejo (FRAPIZ), marcharon por las principales calles de este destino tur\u00edstico para exigir mayores garant\u00edas para el desempe\u00f1o de su actividad.<\/span><br \/>\n<span style=\"font-weight: 400;\">\u201cPe\u00f1a Nieto, los periodistas exigimos garant\u00edas para nuestro trabajo\u201d, \u201cM\u00e9xico, pa\u00eds m\u00e1s inseguro para la prensa\u201d, \u201cGobernadores investiguen\u201d, \u201c\u00bfGobernadores d\u00f3nde est\u00e1 la paz?\u201d, \u201cNo m\u00e1s periodistas asesinados\u201d, \u201cJusticia para los compa\u00f1eros ca\u00eddos\u201d, y una m\u00e1s que clama \u201cExigimos justicia\u201d.<\/span><br \/>\n<span style=\"font-weight: 400;\">La marcha lleg\u00f3 hasta las instalaciones del Ministerio P\u00fablico de Zihuatanejo, ah\u00ed Fernando Arriaga, exigi\u00f3 a nombre de los comunicadores del estado de Guerrero y de esa localidad \u201cQueremos justicia, queremos garant\u00edas para ejercer el periodismo en M\u00e9xico. Queremos paz para los comunicadores.<\/span><br \/>\n<span style=\"font-weight: 400;\">\u201cNuestro \u00fanico delito es decir la verdad, somos la voz del pueblo. No se mata la verdad matando al mensajero, queremos garant\u00edas para todos los comunicadores de este pa\u00eds y sobre todo justicia para los ca\u00eddos en su labor informativa\u201d, dijo ante representantes de los diversos medios de comunicaci\u00f3n.<\/span><\/p>\n","protected":false},"excerpt":{"rendered":"<p>Tres asesinados de comunicadores en menos de un mes &nbsp; &nbsp;Acapulco, 24 de marzo.- Con cartulinas, una manta negra y una marcha por las principales calles de Zihuatanejo y Acapulco,&hellip; <\/p>\n","protected":false},"author":1,"featured_media":0,"comment_status":"open","ping_status":"open","sticky":false,"template":"","format":"standard","meta":{"fifu_image_url":"","fifu_image_alt":"","footnotes":""},"categories":[8,23],"tags":[],"class_list":["post-3146","post","type-post","status-publish","format-standard","hentry","category-featured","category-regionales"],"_links":{"self":[{"href":"https:\/\/www.interaccionnoticias.com.mx\/index.php?rest_route=\/wp\/v2\/posts\/3146","targetHints":{"allow":["GET"]}}],"collection":[{"href":"https:\/\/www.interaccionnoticias.com.mx\/index.php?rest_route=\/wp\/v2\/posts"}],"about":[{"href":"https:\/\/www.interaccionnoticias.com.mx\/index.php?rest_route=\/wp\/v2\/types\/post"}],"author":[{"embeddable":true,"href":"https:\/\/www.interaccionnoticias.com.mx\/index.php?rest_route=\/wp\/v2\/users\/1"}],"replies":[{"embeddable":true,"href":"https:\/\/www.interaccionnoticias.com.mx\/index.php?rest_route=%2Fwp%2Fv2%2Fcomments&post=3146"}],"version-history":[{"count":0,"href":"https:\/\/www.interaccionnoticias.com.mx\/index.php?rest_route=\/wp\/v2\/posts\/3146\/revisions"}],"wp:attachment":[{"href":"https:\/\/www.interaccionnoticias.com.mx\/index.php?rest_route=%2Fwp%2Fv2%2Fmedia&parent=3146"}],"wp:term":[{"taxonomy":"category","embeddable":true,"href":"https:\/\/www.interaccionnoticias.com.mx\/index.php?rest_route=%2Fwp%2Fv2%2Fcategories&post=3146"},{"taxonomy":"post_tag","embeddable":true,"href":"https:\/\/www.interaccionnoticias.com.mx\/index.php?rest_route=%2Fwp%2Fv2%2Ftags&post=3146"}],"curies":[{"name":"wp","href":"https:\/\/api.w.org\/{rel}","templated":true}]}}