{"id":3143,"date":"2017-03-27T17:16:09","date_gmt":"2017-03-27T23:16:09","guid":{"rendered":"http:\/\/www.inter-accion.com.mx\/?p=3143"},"modified":"2017-03-27T17:16:09","modified_gmt":"2017-03-27T23:16:09","slug":"cobijo-social-y-miedo-infunde-el-tequilero-gjjm","status":"publish","type":"post","link":"https:\/\/www.interaccionnoticias.com.mx\/?p=3143","title":{"rendered":"Cobijo social y miedo infunde \u201cEl Tequilero\u201d: GJJM"},"content":{"rendered":"<p><span style=\"font-weight: 400;\">*Advierte mando castrense su captura en breve<\/span><br \/>\n&nbsp;<br \/>\n<b>Acapulco, 24 de marzo.-<\/b><span style=\"font-weight: 400;\"> El cobijo social y el temor de sus habitantes en las comunidades son factores que han impedido la captura de Raybel Jacobo de Almonte, \u201cEl Tequilero\u201d, en San Miguel Totolapan, Guerrero.<\/span><br \/>\n<span style=\"font-weight: 400;\">En entrevista en las instalaciones militares, el comandante de la IX Regi\u00f3n Militar, Germ\u00e1n Javier Jim\u00e9nez Mendoza reconoci\u00f3 que El Tequilero, es una figura que les ha ocasionado problemas para su localizaci\u00f3n y captura.<\/span><br \/>\n<span style=\"font-weight: 400;\">\u201cRecibe el apoyo de la gente y el cobijo de la sociedad, pues no nos explicamos c\u00f3mo si es una persona que les est\u00e1 causando tanto da\u00f1o, a la regi\u00f3n, no facilitan la captura y que sea sometido al estado de derecho.<\/span><br \/>\n<span style=\"font-weight: 400;\">\u201cYo espero que en un plazo corto, ya tengamos resultados, ustedes ven el aseguramiento que tenemos de veh\u00edculos, armas, de gente que est\u00e1 vinculada al grupo delictivo y no dan datos, no aportan datos para su captura (los habitantes de las comunidades en la Tierra Caliente)\u201d, dijo.<\/span><br \/>\n<span style=\"font-weight: 400;\">El mando castrense, consider\u00f3 que dos podr\u00edan ser los principales factores que han impedido la detenci\u00f3n del presunto secuestrador y homicida en aquella regi\u00f3n del estado de Guerrero.<\/span><br \/>\n<span style=\"font-weight: 400;\">\u201cPuede ser dos vertientes, que ya tenga mucho arraigo en las comunidades y dos a que ha estado sembrando el temor (entre sus habitantes) y la combinaci\u00f3n de esos dos temores puede ser determinante.<\/span><br \/>\n<span style=\"font-weight: 400;\">\u201cEn algunos casos nos dicen que no pasemos por ah\u00ed, desv\u00edan nuestra atenci\u00f3n o tratan de que no lleguemos a un lugar. Cuando llegamos, dicen que los agredimos, los ofendemos en una forma inusual. En t\u00e9rminos generales, hemos tenido varios obst\u00e1culos para cumplir con nuestra funci\u00f3n\u201d, dijo.<\/span><br \/>\n<span style=\"font-weight: 400;\">No obstante, reiter\u00f3 que no bajar\u00e1n la guardia para continuar con los operativos y lograr la captura de Los Tequileros.<\/span><br \/>\n<span style=\"font-weight: 400;\">Con relaci\u00f3n a los civiles armados, estim\u00f3 que algunos grupos se amparan bajo la Ley 701, pero dijo que la revisi\u00f3n en el Congreso del Estado, permitir\u00e1 acotar a estas agrupaciones de civiles.<\/span><br \/>\n<span style=\"font-weight: 400;\">\u201cEstos grupos tienen que ir ajust\u00e1ndose a los preceptos de la ley y a todas luces est\u00e1n fuera del \u00e1mbito legal. Se amparan en usos y costumbre y otros factores que no son m\u00e1s que dichos, no son realidades.<\/span><br \/>\n<span style=\"font-weight: 400;\">\u201cSer\u00eda muy bueno ajustar esa ley, como lo est\u00e1 haciendo el Congreso del Estado a la realidad del estado, y si surgen por alguna necesidad, pues que est\u00e9n para esa necesidad en las comunidades ind\u00edgenas y no tratando de usufructuar algunas otras funciones que le corresponden a otra autoridad\u201d, explic\u00f3, el general de brigada, Jim\u00e9nez Mendoza.<\/span><br \/>\n&nbsp;<\/p>\n","protected":false},"excerpt":{"rendered":"<p>*Advierte mando castrense su captura en breve &nbsp; Acapulco, 24 de marzo.- El cobijo social y el temor de sus habitantes en las comunidades son factores que han impedido la&hellip; <\/p>\n","protected":false},"author":1,"featured_media":0,"comment_status":"open","ping_status":"open","sticky":false,"template":"","format":"standard","meta":{"fifu_image_url":"","fifu_image_alt":"","footnotes":""},"categories":[8,23],"tags":[],"class_list":["post-3143","post","type-post","status-publish","format-standard","hentry","category-featured","category-regionales"],"_links":{"self":[{"href":"https:\/\/www.interaccionnoticias.com.mx\/index.php?rest_route=\/wp\/v2\/posts\/3143","targetHints":{"allow":["GET"]}}],"collection":[{"href":"https:\/\/www.interaccionnoticias.com.mx\/index.php?rest_route=\/wp\/v2\/posts"}],"about":[{"href":"https:\/\/www.interaccionnoticias.com.mx\/index.php?rest_route=\/wp\/v2\/types\/post"}],"author":[{"embeddable":true,"href":"https:\/\/www.interaccionnoticias.com.mx\/index.php?rest_route=\/wp\/v2\/users\/1"}],"replies":[{"embeddable":true,"href":"https:\/\/www.interaccionnoticias.com.mx\/index.php?rest_route=%2Fwp%2Fv2%2Fcomments&post=3143"}],"version-history":[{"count":0,"href":"https:\/\/www.interaccionnoticias.com.mx\/index.php?rest_route=\/wp\/v2\/posts\/3143\/revisions"}],"wp:attachment":[{"href":"https:\/\/www.interaccionnoticias.com.mx\/index.php?rest_route=%2Fwp%2Fv2%2Fmedia&parent=3143"}],"wp:term":[{"taxonomy":"category","embeddable":true,"href":"https:\/\/www.interaccionnoticias.com.mx\/index.php?rest_route=%2Fwp%2Fv2%2Fcategories&post=3143"},{"taxonomy":"post_tag","embeddable":true,"href":"https:\/\/www.interaccionnoticias.com.mx\/index.php?rest_route=%2Fwp%2Fv2%2Ftags&post=3143"}],"curies":[{"name":"wp","href":"https:\/\/api.w.org\/{rel}","templated":true}]}}