{"id":3104,"date":"2017-03-23T19:01:03","date_gmt":"2017-03-24T01:01:03","guid":{"rendered":"http:\/\/www.inter-accion.com.mx\/?p=3104"},"modified":"2017-03-23T19:01:03","modified_gmt":"2017-03-24T01:01:03","slug":"consejeros-del-pan-y-morena-llaman-a-universitarios-a-repensar-unanimidad-en-la-uagro","status":"publish","type":"post","link":"https:\/\/www.interaccionnoticias.com.mx\/?p=3104","title":{"rendered":"Consejeros del PAN y MORENA, llaman a universitarios a repensar unanimidad en la UAGro"},"content":{"rendered":"<p class=\"m_-5679781279411559709gmail-MsoNoSpacing\">En sesi\u00f3n ordinaria del Consejo General del Instituto Electoral y de Participaci\u00f3n Ciudadana (IEPC), los representantes Carlos Mill\u00e1n S\u00e1nchez y Sergio Montes Carrillo, del Partido Acci\u00f3n Nacional (PAN) y Movimiento Regeneraci\u00f3n Nacional (MORENA), respectivamente, llamaron a quienes integran la Universidad Aut\u00f3noma de Guerrero (UAGro), a repensar el concepto de unanimidad y a ejercer la democracia.<\/p>\n<p class=\"m_-5679781279411559709gmail-MsoNoSpacing\">Casi al t\u00e9rmino de la sesi\u00f3n de este jueves, Mill\u00e1n S\u00e1nchez lament\u00f3 que la Comisi\u00f3n Electoral de la UAGro, no haya admitido a la doctora Silvia Alem\u00e1n Mundo, como candidata al cargo de rector de la m\u00e1xima casa de estudios en la entidad, y que incluso se haya ejercido violencia pol\u00edtica en contra de ella.&nbsp;<\/p>\n<p class=\"m_-5679781279411559709gmail-MsoNoSpacing\">\u201cEs medio irrisorio el ver que se pretenda que haya un candidato, en el cual se est\u00e1 gastando un presupuesto oneroso, para una universidad tan pobre para elegir a una sola persona, entonces como somos el instituto electoral ojala hubiera tambi\u00e9n reglas claras en ese tipo de procesos internos, que evitaran el despilfarro, en virtud de que es un solo candidato, el cual se mueve con escoltas y recursos\u201d, precis\u00f3.<\/p>\n<p class=\"m_-5679781279411559709gmail-MsoNoSpacing\">Asimismo, el representante de MORENA, Sergio Montes Carrillo, primero indic\u00f3 que el Consejo General hab\u00eda aprobado aceptarle un punto a su hom\u00f3logo del PAN, que nada ten\u00eda que ver con temas del organismo electoral, y los acus\u00f3 de \u201cdoble rasero\u201d, puesto que si \u00e9l hubiera hecho la petici\u00f3n, se la habr\u00edan negado.<\/p>\n<p class=\"m_-5679781279411559709gmail-MsoNoSpacing\">Posteriormente, haciendo uso de la palabra, llam\u00f3 a los universitarios a reflexionar con miras al siguiente proceso electoral en 2021, para ejercer la democracia y que esta sea m\u00e1s participativa, aunque de entrada dijo que es un asunto que se debe consultar en el interior de la UAGro.<\/p>\n<p class=\"m_-5679781279411559709gmail-MsoNoSpacing\">Dijo que los universitarios, estaban contentos con su proceso, a pesar de que est\u00e1n violando los principios b\u00e1sicos de la democracia, pero regres\u00f3 a la cuesti\u00f3n de que deben ser ellos quienes resuelvan sus propios asuntos.<\/p>\n<p class=\"m_-5679781279411559709gmail-MsoNoSpacing\">Dio a conocer que la doctora Silvia Alem\u00e1n Mundo, quien se hab\u00eda postulado al cargo de rector de la UAGro, efectivamente era militante de MORENA y detall\u00f3 que su partido, no intent\u00f3 participar en las decisiones de la universidad.<\/p>\n<p class=\"m_-5679781279411559709gmail-MsoNoSpacing\">\u201cLa posible candidata como segunda opci\u00f3n que tuvo, que la colocaban dentro del partido MORENA, efectivamente es militante pero eso no tiene que ver nada entre su participaci\u00f3n de la universidad con morena, es decir, deslindo p\u00fablicamente a morena de cualquier intervenci\u00f3n en la universidad, es su problema de la universidad\u201d, concluy\u00f3.&nbsp;<\/p>\n<p class=\"m_-5679781279411559709gmail-MsoNoSpacing\">Este jueves, en una jornada electoral de tr\u00e1mite, los universitarios acudir\u00edan a las urnas, para votar por el candidato \u00fanico a ocupar el cargo de rector de la UAGro, Javier Salda\u00f1a Almaz\u00e1n o en su caso abstenerse.&nbsp;<\/p>\n","protected":false},"excerpt":{"rendered":"<p>En sesi\u00f3n ordinaria del Consejo General del Instituto Electoral y de Participaci\u00f3n Ciudadana (IEPC), los representantes Carlos Mill\u00e1n S\u00e1nchez y Sergio Montes Carrillo, del Partido Acci\u00f3n Nacional (PAN) y Movimiento&hellip; <\/p>\n","protected":false},"author":1,"featured_media":0,"comment_status":"open","ping_status":"open","sticky":false,"template":"","format":"standard","meta":{"fifu_image_url":"","fifu_image_alt":"","footnotes":""},"categories":[8,18],"tags":[],"class_list":["post-3104","post","type-post","status-publish","format-standard","hentry","category-featured","category-partidos-politicos"],"_links":{"self":[{"href":"https:\/\/www.interaccionnoticias.com.mx\/index.php?rest_route=\/wp\/v2\/posts\/3104","targetHints":{"allow":["GET"]}}],"collection":[{"href":"https:\/\/www.interaccionnoticias.com.mx\/index.php?rest_route=\/wp\/v2\/posts"}],"about":[{"href":"https:\/\/www.interaccionnoticias.com.mx\/index.php?rest_route=\/wp\/v2\/types\/post"}],"author":[{"embeddable":true,"href":"https:\/\/www.interaccionnoticias.com.mx\/index.php?rest_route=\/wp\/v2\/users\/1"}],"replies":[{"embeddable":true,"href":"https:\/\/www.interaccionnoticias.com.mx\/index.php?rest_route=%2Fwp%2Fv2%2Fcomments&post=3104"}],"version-history":[{"count":0,"href":"https:\/\/www.interaccionnoticias.com.mx\/index.php?rest_route=\/wp\/v2\/posts\/3104\/revisions"}],"wp:attachment":[{"href":"https:\/\/www.interaccionnoticias.com.mx\/index.php?rest_route=%2Fwp%2Fv2%2Fmedia&parent=3104"}],"wp:term":[{"taxonomy":"category","embeddable":true,"href":"https:\/\/www.interaccionnoticias.com.mx\/index.php?rest_route=%2Fwp%2Fv2%2Fcategories&post=3104"},{"taxonomy":"post_tag","embeddable":true,"href":"https:\/\/www.interaccionnoticias.com.mx\/index.php?rest_route=%2Fwp%2Fv2%2Ftags&post=3104"}],"curies":[{"name":"wp","href":"https:\/\/api.w.org\/{rel}","templated":true}]}}