{"id":3068,"date":"2017-03-22T16:43:18","date_gmt":"2017-03-22T22:43:18","guid":{"rendered":"http:\/\/www.inter-accion.com.mx\/?p=3068"},"modified":"2017-03-22T16:43:18","modified_gmt":"2017-03-22T22:43:18","slug":"por-lo-menos-siete-grupos-de-autodefensa-operan-al-margen-de-la-ley-en-guerrero","status":"publish","type":"post","link":"https:\/\/www.interaccionnoticias.com.mx\/?p=3068","title":{"rendered":"Por lo menos siete grupos de autodefensa operan al margen de la ley en Guerrero"},"content":{"rendered":"<ul>\n<li>Algunos portan armamento de alto poder<\/li>\n<\/ul>\n<p>&nbsp;<br \/>\nDe acuerdo con la Ley 701, solamente la CRAC-PC y la Polic\u00eda Ciudadana y Popular (PCP) de Temalacatzingo encuadran como polic\u00edas comunitarias, el resto, hasta el momento se mantienen como autodefensas que operan fuera del marco legal, algunos de ellos incluso con armamento de uso exclusivo del Ej\u00e9rcito Mexicano.<br \/>\nLa ma\u00f1ana del martes, en su conferencia de los martes, el presidente municipal de Chilpancingo, Marco Antonio Leyva Mena insisti\u00f3 en la necesidad de que el Congreso del estado dictamine ya las adecuaciones a la ley 701, que hace referencia a los derechos y cultura ind\u00edgena, as\u00ed como a la posibilidad de organizarse para atender temas como el de la inseguridad p\u00fablica.<br \/>\nLo anterior, porque solo en Chilpancingo se tiene la presencia de tres organizaciones de civiles armados, que se asumen como polic\u00edas comunitarias pero que no encuadran en el marco legal vigente, ya que para tener la cobertura de la 701, deben operar en localidades habitadas mayoritariamente por poblaci\u00f3n ind\u00edgena.<br \/>\nEl alcalde Leyva Mena sostuvo que los grupos de civiles armados deben tener bien delimitado su margen de acci\u00f3n, adem\u00e1s de aceptar que deben entrar en un proceso de regulaci\u00f3n para no actuar como la madrugada del martes en las inmediaciones de Petaquillas, cuando dispararon contra un veh\u00edculo que no se detuvo en un ret\u00e9n, lo que dej\u00f3 como resultado la herida de bala en la espina dorsal de una turista del Estado de M\u00e9xico.<br \/>\nAl respecto, el presidente de la Comisi\u00f3n de Justicia del Congreso local, H\u00e9ctor Vicario Castrej\u00f3n indic\u00f3 que solamente se reconoce en la ley a las organizaciones que operan en comunidades con poblaci\u00f3n mayoritariamente ind\u00edgena, pero que adem\u00e1s cumpla con algunas disposiciones legales que son muy claras.<br \/>\nIndic\u00f3 que las comunitarias solamente pueden resguardar sus pueblos, no desplazarse de un municipio hacia otro de manera arbitraria.<br \/>\nTambi\u00e9n, destac\u00f3 que los polic\u00edas comunitarios deben nombrarse en asamblea de los pueblos, lo que implica pasar por el filtro de ser ciudadanos ejemplares.<br \/>\nLas comunitarias solamente utilizan rifles, escopetas y pistolas de bajo calibre, en ning\u00fan momento se les permite portar armas de uso exclusivo del Ejercito Mexicano. &nbsp;&nbsp;<br \/>\nHasta el momento, solo la Coordinadora Regional de Autoridades Comunitarias (CRAC) y la Polic\u00eda Ciudadana y Popular (PCP) de Temalacatzingo, municipio de Olinal\u00e1, cumplen con las disposiciones contenidas en la 701.<br \/>\nEl resto, son grupos de autodefensa que no cuentan con reglamento interno ni se someten a ning\u00fan tipo de evaluaci\u00f3n para nombrar a sus elementos. &nbsp;&nbsp;&nbsp;&nbsp;&nbsp;&nbsp;&nbsp;&nbsp;&nbsp;&nbsp;&nbsp;&nbsp;<br \/>\n&nbsp;<br \/>\nLas no reconocidas por la 701<br \/>\n&nbsp;<br \/>\n&nbsp;<br \/>\nOperan en zonas mestizas, con algunos de sus elementos en posesi\u00f3n de armas de uso exclusivo del Ej\u00e9rcito Mexicano al menos siete grupos, entre ellos la Uni\u00f3n de Pueblos y Organizaciones del Estado de Guerrero (UPOEG), surgida el 6 de enero en la Costa Chica, actualmente en el control de la zona rural de Acapulco la casi todo el valle de Chilpancingo.<br \/>\nAunque fueron desplazados de &nbsp;las comunidades de Chilpancingo, el Frente Unido por la Seguridad y el Desarrollo Social del Estado de Guerrero (FUSDEG) se mantiene en la cabecera municipal de Juan R. Escudero, dicha organizaci\u00f3n es en realidad una escisi\u00f3n de la Uni\u00f3n de Pueblos.<br \/>\nEn la cabecera municipal de Apaxtla de Castrej\u00f3n, derivado del control que ten\u00eda en la zona La Familia Michoacana, integrantes del ayuntamiento y pobladores integraron la autodefensa del Movimiento Apaxtlense Adri\u00e1n Castrej\u00f3n (MAAC), que logr\u00f3 la disminuci\u00f3n del secuestro en su zona de influencia.<br \/>\nCerca de ellos, la Polic\u00eda Tecampanera de Teloloapan tiene un a\u00f1o de existencia en dicho municipio de la regi\u00f3n Norte de Guerero, su principal objetivo es expulsar del lugar a las c\u00e9lulas de La Familia &nbsp;Michoacana (FM), que lidera Jhonny Hurtado Olascuaga, alias \u201cEl Pez\u201d.<br \/>\nDesde la jornada del 12 de diciembre de 2016, en San Miguel Totolapan surgi\u00f3 una autodefensa llamada \u201cMovimiento por la paz\u201d, con la intenci\u00f3n de expulsar de la zona al secuestrador llamado Raybel Jacobo de Almonte, alias \u201cEl Tequilero\u201d.<br \/>\nEn la zona Centro y parte de la Monta\u00f1a baja de Guerrero est\u00e1n los Comunitarios Unidos por la Paz y la Justicia, al que se atribuye una relaci\u00f3n directa con el crimen organizado, adem\u00e1s de que sus integrantes son relacionados con la desaparici\u00f3n de por lo menos 30 personas durante la ocupaci\u00f3n de la cabecera de Chiapa, del 9 a 14 e mayo,<br \/>\nEl otro grupo de civiles armados es el de la autodenominada comunitaria de Petaquillas, a la que tambi\u00e9n se acusa de ser controlada por la delincuencia organizada, particularmente por la banda de \u201cLos Ardillos\u201d.<\/p>\n","protected":false},"excerpt":{"rendered":"<p>Algunos portan armamento de alto poder &nbsp; De acuerdo con la Ley 701, solamente la CRAC-PC y la Polic\u00eda Ciudadana y Popular (PCP) de Temalacatzingo encuadran como polic\u00edas comunitarias, el&hellip; <\/p>\n","protected":false},"author":1,"featured_media":0,"comment_status":"open","ping_status":"open","sticky":false,"template":"","format":"standard","meta":{"fifu_image_url":"","fifu_image_alt":"","footnotes":""},"categories":[8,15],"tags":[],"class_list":["post-3068","post","type-post","status-publish","format-standard","hentry","category-featured","category-movimientos-sociales"],"_links":{"self":[{"href":"https:\/\/www.interaccionnoticias.com.mx\/index.php?rest_route=\/wp\/v2\/posts\/3068","targetHints":{"allow":["GET"]}}],"collection":[{"href":"https:\/\/www.interaccionnoticias.com.mx\/index.php?rest_route=\/wp\/v2\/posts"}],"about":[{"href":"https:\/\/www.interaccionnoticias.com.mx\/index.php?rest_route=\/wp\/v2\/types\/post"}],"author":[{"embeddable":true,"href":"https:\/\/www.interaccionnoticias.com.mx\/index.php?rest_route=\/wp\/v2\/users\/1"}],"replies":[{"embeddable":true,"href":"https:\/\/www.interaccionnoticias.com.mx\/index.php?rest_route=%2Fwp%2Fv2%2Fcomments&post=3068"}],"version-history":[{"count":0,"href":"https:\/\/www.interaccionnoticias.com.mx\/index.php?rest_route=\/wp\/v2\/posts\/3068\/revisions"}],"wp:attachment":[{"href":"https:\/\/www.interaccionnoticias.com.mx\/index.php?rest_route=%2Fwp%2Fv2%2Fmedia&parent=3068"}],"wp:term":[{"taxonomy":"category","embeddable":true,"href":"https:\/\/www.interaccionnoticias.com.mx\/index.php?rest_route=%2Fwp%2Fv2%2Fcategories&post=3068"},{"taxonomy":"post_tag","embeddable":true,"href":"https:\/\/www.interaccionnoticias.com.mx\/index.php?rest_route=%2Fwp%2Fv2%2Ftags&post=3068"}],"curies":[{"name":"wp","href":"https:\/\/api.w.org\/{rel}","templated":true}]}}