{"id":3064,"date":"2017-03-22T16:36:07","date_gmt":"2017-03-22T22:36:07","guid":{"rendered":"http:\/\/www.inter-accion.com.mx\/?p=3064"},"modified":"2017-03-22T16:36:07","modified_gmt":"2017-03-22T22:36:07","slug":"habitantes-de-cuatro-comunidades-indigenas-toman-jurisdiccion-sanitaria","status":"publish","type":"post","link":"https:\/\/www.interaccionnoticias.com.mx\/?p=3064","title":{"rendered":"Habitantes de cuatro comunidades ind\u00edgenas toman jurisdicci\u00f3n sanitaria"},"content":{"rendered":"<p>* Tras muerte de una mujer<br \/>\n&nbsp;<br \/>\nAcapulco, Gro.- M\u00e1s de un centenar de ind\u00edgenas mixtecos provenientes de la comunidad de Jicay\u00e1n de Tovar, municipio de Tlacoachistlahuaca, tomaron la sede de la jurisdicci\u00f3n sanitaria 06 y el Centro de Salud&nbsp;en Ometepec.<br \/>\nAcusan que debido a la falta de personal m\u00e9dico, falleci\u00f3 una mujer mixteca en aquella localidad, por lo que habitantes de las comunidades de Jicay\u00e1n de Tovar, Barranca Estaca, El Lim\u00f3n Guadalupe y El Coyul de Cochoapa el Grande tomaron la jurisdicci\u00f3n y el centro de salud.<br \/>\nReynaldo Rodr\u00edguez Moreno, comisario de la localidad, asegur\u00f3 que debido a la falta de atenci\u00f3n m\u00e9dica, se registr\u00f3 la muerte de la ind\u00edgena mixteca, Ang\u00e9lica Maldonado Trujillo.<br \/>\nPor lo anterior, los pobladores ind\u00edgenas acusaron que la Secretar\u00eda de Salud, no ha mandado personal m\u00e9dicos a pesar que hab\u00edan solicitado al jefe jurisdiccional Macario Navarrete Ch\u00e1vez, el personal, no obstante hasta la fecha se ha negado a responder la demanda.<br \/>\n\u201cLo \u00fanico que buscamos en que nos brinden servicio de salud ya llevamos como cinco a\u00f1os sin m\u00e9dicos en la comunidad, no \u00fanicamente es comunidad de nosotros tambi\u00e9n ah\u00ed est\u00e1n adheridas otras dos comunidades m\u00e1s de El Lim\u00f3n Guadalupe y Barranca Estaca.<br \/>\n\u201cHemos solicitado al doctor Macario (Navarrete) que nos resuelva la petici\u00f3n pero nunca hemos obtenido respuesta (\u2026) hemos sufrido una muerte materna y se tom\u00f3 la decisi\u00f3n porque ya no nos quedaba de otra\u201d, dijo el comisario de la localidad ind\u00edgena de la Costa Chica.<br \/>\nPara el ind\u00edgena mixteco, Francisco Paz Moreno, Ang\u00e9lica Maldonado, muri\u00f3 por negligencia m\u00e9dica, su hijo logr\u00f3 salvarse en una cl\u00ednica particular de Ometepec hasta donde acudieron porque la parturiente no fue atendida por el personal del Centro de Salud en Tlacoachistlahuaca.<br \/>\n\u201cMuri\u00f3 mi t\u00eda Ang\u00e9lica Maldonado Trujillo, por parto y por falta de medico lleg\u00f3 en Tlacoachistlahuaca, y no la atendieron tard\u00f3 dos horas en Tlacoachistlahuaca; aqu\u00ed en Ometepec en la casa del doctor Josu\u00e9, la cl\u00ednica particular Alfa, ah\u00ed se muri\u00f3 en una cl\u00ednica particular\u201d, reproch\u00f3.<br \/>\nLos manifestantes ind\u00edgenas hab\u00edan tomado el edificio de la jurisdicci\u00f3n sanitaria desde las ocho de la ma\u00f1ana y lo liberaron a las once horas.<br \/>\nLo anterior bajo la promesa del delegado de gobierno \u00d3scar Velasco Ambrosio y el jefe de servicios de salud Gustavo Cruz Zarate notificaran a los pobladores ind\u00edgenas que a partir de este mi\u00e9rcoles habr\u00eda doctora en la zona.<\/p>\n","protected":false},"excerpt":{"rendered":"<p>* Tras muerte de una mujer &nbsp; Acapulco, Gro.- M\u00e1s de un centenar de ind\u00edgenas mixtecos provenientes de la comunidad de Jicay\u00e1n de Tovar, municipio de Tlacoachistlahuaca, tomaron la sede&hellip; <\/p>\n","protected":false},"author":1,"featured_media":0,"comment_status":"open","ping_status":"open","sticky":false,"template":"","format":"standard","meta":{"fifu_image_url":"","fifu_image_alt":"","footnotes":""},"categories":[8,11],"tags":[],"class_list":["post-3064","post","type-post","status-publish","format-standard","hentry","category-featured","category-guerrero"],"_links":{"self":[{"href":"https:\/\/www.interaccionnoticias.com.mx\/index.php?rest_route=\/wp\/v2\/posts\/3064","targetHints":{"allow":["GET"]}}],"collection":[{"href":"https:\/\/www.interaccionnoticias.com.mx\/index.php?rest_route=\/wp\/v2\/posts"}],"about":[{"href":"https:\/\/www.interaccionnoticias.com.mx\/index.php?rest_route=\/wp\/v2\/types\/post"}],"author":[{"embeddable":true,"href":"https:\/\/www.interaccionnoticias.com.mx\/index.php?rest_route=\/wp\/v2\/users\/1"}],"replies":[{"embeddable":true,"href":"https:\/\/www.interaccionnoticias.com.mx\/index.php?rest_route=%2Fwp%2Fv2%2Fcomments&post=3064"}],"version-history":[{"count":0,"href":"https:\/\/www.interaccionnoticias.com.mx\/index.php?rest_route=\/wp\/v2\/posts\/3064\/revisions"}],"wp:attachment":[{"href":"https:\/\/www.interaccionnoticias.com.mx\/index.php?rest_route=%2Fwp%2Fv2%2Fmedia&parent=3064"}],"wp:term":[{"taxonomy":"category","embeddable":true,"href":"https:\/\/www.interaccionnoticias.com.mx\/index.php?rest_route=%2Fwp%2Fv2%2Fcategories&post=3064"},{"taxonomy":"post_tag","embeddable":true,"href":"https:\/\/www.interaccionnoticias.com.mx\/index.php?rest_route=%2Fwp%2Fv2%2Ftags&post=3064"}],"curies":[{"name":"wp","href":"https:\/\/api.w.org\/{rel}","templated":true}]}}