{"id":3058,"date":"2017-03-22T16:06:56","date_gmt":"2017-03-22T22:06:56","guid":{"rendered":"http:\/\/www.inter-accion.com.mx\/?p=3058"},"modified":"2017-03-22T16:06:56","modified_gmt":"2017-03-22T22:06:56","slug":"en-defensa-del-agua-en-la-costa-chica","status":"publish","type":"post","link":"https:\/\/www.interaccionnoticias.com.mx\/?p=3058","title":{"rendered":"En defensa del agua en la Costa Chica"},"content":{"rendered":"<p>*Advierten sobre atentado contra defensor de agua&nbsp;<br \/>\n&nbsp;<br \/>\nAcapulco, Gro.- Integrantes del Frente de comunidades ind\u00edgenas en defensa de los recursos naturales del r\u00edo Santa Catarina, condenaron el intento de homicidio en contra del defensor del agua Rogelio Tranquilino Salvador Guzm\u00e1n, cometido en la comunidad de Huixtepec, municipio de Ometepec.<br \/>\nA trav\u00e9s de un comunicado acusan que con violencia se busca inhibir la defensa y cuidados del R\u00edo Santa Catarina, el cual ha sido explotado por presuntos saqueadores supuestamente vinculados a los gobiernos municipales de la regi\u00f3n de la Costa Chica de Guerrero.<br \/>\n\u201cFuimos informados de que el pasado 19 de marzo de 2017, el compa\u00f1ero Rogelio Tranquilino Sandoval Guzm\u00e1n, integrante del Frente de Comunidades Ind\u00edgenas del R\u00edo Santa Catarina, fue atacado en su huerta de cultivo en Huixtepec, por un hombre que le dispar\u00f3 con arma de fuego.<br \/>\n\u201cAfortunadamente el compa\u00f1ero Rogelio logr\u00f3 salir ileso de este atentado, sin embargo el riesgo que corren \u00e9l, su familia as\u00ed como otros integrantes del Frente es inminente\u201d, advierten.<br \/>\nEl defensor del agua, Sandoval Guzm\u00e1n, ha participado desde 2008 de la organizaci\u00f3n comunitaria que busca detener la explotaci\u00f3n irracional de materiales p\u00e9treos en el R\u00edo Santa Catarin.<br \/>\nSe detalla que la explotaci\u00f3n desmedida ha provocado la muerte de ni\u00f1os y j\u00f3venes que se han ahogado por la profundidad de las excavaciones, y ha provocado tambi\u00e9n la disminuci\u00f3n de la humedad en los campos de cultivos de las comunidades asentadas en la rivera.<br \/>\nAseguran que lo anterior, ha impactado de manera negativa en la producci\u00f3n de alimento para el autoconsumo, el derecho humano al agua de los pueblos y comunidades que viven en la cuenca del R\u00edo Santa Catarina.<br \/>\nPor lo anterior, hacen un llamado a los colectivos solidarios, organizaciones sociales, a los pueblos, tribus, y barrios, as\u00ed como a los medios de comunicaci\u00f3n independientes a que difundan para evitar que nuestros r\u00edos, arroyos y manantiales sigan siendo objeto de despojo, explotaci\u00f3n y contaminaci\u00f3n.&nbsp;<\/p>\n","protected":false},"excerpt":{"rendered":"<p>*Advierten sobre atentado contra defensor de agua&nbsp; &nbsp; Acapulco, Gro.- Integrantes del Frente de comunidades ind\u00edgenas en defensa de los recursos naturales del r\u00edo Santa Catarina, condenaron el intento de&hellip; <\/p>\n","protected":false},"author":1,"featured_media":0,"comment_status":"open","ping_status":"open","sticky":false,"template":"","format":"standard","meta":{"fifu_image_url":"","fifu_image_alt":"","footnotes":""},"categories":[8,23],"tags":[],"class_list":["post-3058","post","type-post","status-publish","format-standard","hentry","category-featured","category-regionales"],"_links":{"self":[{"href":"https:\/\/www.interaccionnoticias.com.mx\/index.php?rest_route=\/wp\/v2\/posts\/3058","targetHints":{"allow":["GET"]}}],"collection":[{"href":"https:\/\/www.interaccionnoticias.com.mx\/index.php?rest_route=\/wp\/v2\/posts"}],"about":[{"href":"https:\/\/www.interaccionnoticias.com.mx\/index.php?rest_route=\/wp\/v2\/types\/post"}],"author":[{"embeddable":true,"href":"https:\/\/www.interaccionnoticias.com.mx\/index.php?rest_route=\/wp\/v2\/users\/1"}],"replies":[{"embeddable":true,"href":"https:\/\/www.interaccionnoticias.com.mx\/index.php?rest_route=%2Fwp%2Fv2%2Fcomments&post=3058"}],"version-history":[{"count":0,"href":"https:\/\/www.interaccionnoticias.com.mx\/index.php?rest_route=\/wp\/v2\/posts\/3058\/revisions"}],"wp:attachment":[{"href":"https:\/\/www.interaccionnoticias.com.mx\/index.php?rest_route=%2Fwp%2Fv2%2Fmedia&parent=3058"}],"wp:term":[{"taxonomy":"category","embeddable":true,"href":"https:\/\/www.interaccionnoticias.com.mx\/index.php?rest_route=%2Fwp%2Fv2%2Fcategories&post=3058"},{"taxonomy":"post_tag","embeddable":true,"href":"https:\/\/www.interaccionnoticias.com.mx\/index.php?rest_route=%2Fwp%2Fv2%2Ftags&post=3058"}],"curies":[{"name":"wp","href":"https:\/\/api.w.org\/{rel}","templated":true}]}}