{"id":3050,"date":"2017-03-22T13:05:36","date_gmt":"2017-03-22T19:05:36","guid":{"rendered":"http:\/\/www.inter-accion.com.mx\/?p=3050"},"modified":"2017-03-22T13:05:36","modified_gmt":"2017-03-22T19:05:36","slug":"retroceso-grave-relanzar-la-verdad-historica-ricardo-mejia-berdeja","status":"publish","type":"post","link":"https:\/\/www.interaccionnoticias.com.mx\/?p=3050","title":{"rendered":"Retroceso grave relanzar la \u201cverdad hist\u00f3rica\u201d: Ricardo Mej\u00eda Berdeja"},"content":{"rendered":"<p><span style=\"font-weight: 400;\">*Rechaza el presidente de la comisi\u00f3n para el caso Ayotzinapa declaraciones de Campa Cifri\u00e1n ante la CIDH.<\/span><br \/>\n<span style=\"font-weight: 400;\">\u201cMientras Enrique Pe\u00f1a Nieto sea presidente, el caso Ayotzinapa permanecer\u00e1 en la impunidad\u201d lament\u00f3 Ricardo Mej\u00eda Berdeja, presidente de la Comisi\u00f3n Especial para el caso Iguala Ayotzinapa, al referirse a las declaraciones del subsecretario de la SEGOB Roberto Campa en el sentido de que se debe aceptar \u2018verdad hist\u00f3rica\u2019 que plantea el estado mexicano.<\/span><br \/>\n&nbsp;<br \/>\n<span style=\"font-weight: 400;\">Durante el 161 periodo de sesiones de la Comisi\u00f3n Interamericana de derechos Humanos (CIDH) en Washington, EUA., la delegaci\u00f3n mexicana encabezada por el subsecretario Campa pidi\u00f3 a los padres y familiares de los 43 estudiantes desaparecidos a que acepten la hip\u00f3tesis del gobierno al respecto del paradero de los normalistas toda vez que no se explora ninguna l\u00ednea de investigaci\u00f3n distinta a la publicada.<\/span><br \/>\n&nbsp;<br \/>\n<span style=\"font-weight: 400;\">Ricardo Mej\u00eda Berdeja manifest\u00f3 en tribuna su rechazo tajante a las declaraciones del funcionario y record\u00f3 que siendo el Dr. Eber Betanzos subprocurador de la PGR, indic\u00f3 que hab\u00eda indicios sobre una l\u00ednea de 3700 llamadas telef\u00f3nicas que se realizaron en la regi\u00f3n los d\u00edas 26 y 27 de septiembre de 2014.<\/span><br \/>\n<span style=\"font-weight: 400;\">\u201cEs una falta de sensibilidad y un desparpajo, claramente hay un atrincheramiento del gobierno federal; no se van a salir de responsabilizar a las polic\u00edas municipales de Iguala y Cocula pero no acusan de omisi\u00f3n a nadie m\u00e1s\u201d en clara alusi\u00f3n a Tom\u00e1s Zer\u00f3n de Lucio a quien recientemente se le abri\u00f3 un procedimiento administrativo y no penal por las faltas cometidas durante la investigaci\u00f3n como la manipulaci\u00f3n de evidencia o traslado de testigos \u201cZer\u00f3n es un monumento a la impunidad\u201d se\u00f1al\u00f3 Mej\u00eda Berdeja. <\/span><br \/>\n&nbsp;<br \/>\n<span style=\"font-weight: 400;\">Entendemos la indignaci\u00f3n de las familias, estos casos no pueden caer en el olvido y manifest\u00f3 su solidaridad con los padres de los 43 j\u00f3venes desaparecidos \u201cexigimos al gobierno federal que se retomen las l\u00edneas de investigaci\u00f3n y que se castigue a quien haya manejado las evidencias\u201d.<\/span><br \/>\n&nbsp;<br \/>\n<span style=\"font-weight: 400;\">Tambi\u00e9n en su intervenci\u00f3n, Ricardo Mej\u00eda Berdeja acus\u00f3 de guerra sucia las acusaciones vertidas en contra de Andr\u00e9s Manuel L\u00f3pez Obrador en donde se pretende fincarle alg\u00fan tipo de responsabilidad en el caso Ayotzinapa al vincularlo de manera artificial al tema \u201ccuando es claro que si el caso no se ha resulto es porque hay impunidad del Gobierno Federal\u201d concluy\u00f3 el diputado.<\/span><br \/>\n&nbsp;<\/p>\n","protected":false},"excerpt":{"rendered":"<p>*Rechaza el presidente de la comisi\u00f3n para el caso Ayotzinapa declaraciones de Campa Cifri\u00e1n ante la CIDH. \u201cMientras Enrique Pe\u00f1a Nieto sea presidente, el caso Ayotzinapa permanecer\u00e1 en la impunidad\u201d&hellip; <\/p>\n","protected":false},"author":1,"featured_media":0,"comment_status":"open","ping_status":"open","sticky":false,"template":"","format":"standard","meta":{"fifu_image_url":"","fifu_image_alt":"","footnotes":""},"categories":[2,8],"tags":[],"class_list":["post-3050","post","type-post","status-publish","format-standard","hentry","category-congreso","category-featured"],"_links":{"self":[{"href":"https:\/\/www.interaccionnoticias.com.mx\/index.php?rest_route=\/wp\/v2\/posts\/3050","targetHints":{"allow":["GET"]}}],"collection":[{"href":"https:\/\/www.interaccionnoticias.com.mx\/index.php?rest_route=\/wp\/v2\/posts"}],"about":[{"href":"https:\/\/www.interaccionnoticias.com.mx\/index.php?rest_route=\/wp\/v2\/types\/post"}],"author":[{"embeddable":true,"href":"https:\/\/www.interaccionnoticias.com.mx\/index.php?rest_route=\/wp\/v2\/users\/1"}],"replies":[{"embeddable":true,"href":"https:\/\/www.interaccionnoticias.com.mx\/index.php?rest_route=%2Fwp%2Fv2%2Fcomments&post=3050"}],"version-history":[{"count":0,"href":"https:\/\/www.interaccionnoticias.com.mx\/index.php?rest_route=\/wp\/v2\/posts\/3050\/revisions"}],"wp:attachment":[{"href":"https:\/\/www.interaccionnoticias.com.mx\/index.php?rest_route=%2Fwp%2Fv2%2Fmedia&parent=3050"}],"wp:term":[{"taxonomy":"category","embeddable":true,"href":"https:\/\/www.interaccionnoticias.com.mx\/index.php?rest_route=%2Fwp%2Fv2%2Fcategories&post=3050"},{"taxonomy":"post_tag","embeddable":true,"href":"https:\/\/www.interaccionnoticias.com.mx\/index.php?rest_route=%2Fwp%2Fv2%2Ftags&post=3050"}],"curies":[{"name":"wp","href":"https:\/\/api.w.org\/{rel}","templated":true}]}}