{"id":2949,"date":"2017-03-17T20:48:11","date_gmt":"2017-03-18T02:48:11","guid":{"rendered":"http:\/\/www.inter-accion.com.mx\/?p=2949"},"modified":"2017-03-17T20:48:11","modified_gmt":"2017-03-18T02:48:11","slug":"medicos-y-enfermeras-del-imss-protestan-en-acapulco","status":"publish","type":"post","link":"https:\/\/www.interaccionnoticias.com.mx\/?p=2949","title":{"rendered":"M\u00e9dicos y enfermeras del IMSS protestan en Acapulco"},"content":{"rendered":"<p><span style=\"font-weight: 400;\">M\u00e9dicos, enfermeras y personal de urgencias del hospital \u00abVicente Guerrero\u00bb, del Instituto Mexicano del Seguro Social, bloquearon la avenida Adolfo Ruiz Cortines, en exigencia de que se esclarezca el crimen del m\u00e9dico H\u00e9ctor Paul Camarera Hern\u00e1ndez.<\/span><br \/>\n<span style=\"font-weight: 400;\">En la protesta exigieron al presidente de la Rep\u00fablica, Enrique Pe\u00f1a Nieto esclarecer el asesinato del m\u00e9dico y traumat\u00f3logo que fue secuestrado, torturado y privado de la vida el domingo 12 de marzo en la comunidad de Yetla, municipio de Coyuca de Ben\u00edtez.<\/span><br \/>\n<span style=\"font-weight: 400;\">Con una manta de cinco metros, personal del IMSS de Acapulco bloque\u00f3 de manera intermitente la avenida Ruiz Cortines, frente al hospital y con cartulinas exigen castigo a los culpables.<\/span><br \/>\n<span style=\"font-weight: 400;\">\u00abSr. presidente Enrique Pe\u00f1a Nieto, ya basta de asesinatos a m\u00e9dicos, exigimos justicia por el asesinato de nuestro compa\u00f1ero el doctor H\u00e9ctor Paul Camarera Hern\u00e1ndez\u00bb, reza la manta que sostuvieron en los bloqueos el personal del Seguro Social.<\/span><br \/>\n<span style=\"font-weight: 400;\">En dos ocasiones, m\u00e9dicos, enfermeras y personal administrativo bloquearon la principal arteria vial de la parte alta del anfiteatro porte\u00f1o por espacio de 10 minutos y luego liberaron la vialidad en una de las horas de mayor tr\u00e1nsito vehicular.<\/span><br \/>\n<span style=\"font-weight: 400;\">Cinco d\u00edas despu\u00e9s de que apareciera muerto el m\u00e9dico y traumat\u00f3logo del hospital General dela IMSS, salieron los m\u00e9dicos y enfermeras a protestar.<\/span><\/p>\n","protected":false},"excerpt":{"rendered":"<p>M\u00e9dicos, enfermeras y personal de urgencias del hospital \u00abVicente Guerrero\u00bb, del Instituto Mexicano del Seguro Social, bloquearon la avenida Adolfo Ruiz Cortines, en exigencia de que se esclarezca el crimen&hellip; <\/p>\n","protected":false},"author":1,"featured_media":0,"comment_status":"open","ping_status":"open","sticky":false,"template":"","format":"standard","meta":{"fifu_image_url":"","fifu_image_alt":"","footnotes":""},"categories":[8,23],"tags":[],"class_list":["post-2949","post","type-post","status-publish","format-standard","hentry","category-featured","category-regionales"],"_links":{"self":[{"href":"https:\/\/www.interaccionnoticias.com.mx\/index.php?rest_route=\/wp\/v2\/posts\/2949","targetHints":{"allow":["GET"]}}],"collection":[{"href":"https:\/\/www.interaccionnoticias.com.mx\/index.php?rest_route=\/wp\/v2\/posts"}],"about":[{"href":"https:\/\/www.interaccionnoticias.com.mx\/index.php?rest_route=\/wp\/v2\/types\/post"}],"author":[{"embeddable":true,"href":"https:\/\/www.interaccionnoticias.com.mx\/index.php?rest_route=\/wp\/v2\/users\/1"}],"replies":[{"embeddable":true,"href":"https:\/\/www.interaccionnoticias.com.mx\/index.php?rest_route=%2Fwp%2Fv2%2Fcomments&post=2949"}],"version-history":[{"count":0,"href":"https:\/\/www.interaccionnoticias.com.mx\/index.php?rest_route=\/wp\/v2\/posts\/2949\/revisions"}],"wp:attachment":[{"href":"https:\/\/www.interaccionnoticias.com.mx\/index.php?rest_route=%2Fwp%2Fv2%2Fmedia&parent=2949"}],"wp:term":[{"taxonomy":"category","embeddable":true,"href":"https:\/\/www.interaccionnoticias.com.mx\/index.php?rest_route=%2Fwp%2Fv2%2Fcategories&post=2949"},{"taxonomy":"post_tag","embeddable":true,"href":"https:\/\/www.interaccionnoticias.com.mx\/index.php?rest_route=%2Fwp%2Fv2%2Ftags&post=2949"}],"curies":[{"name":"wp","href":"https:\/\/api.w.org\/{rel}","templated":true}]}}