{"id":2943,"date":"2017-03-17T18:14:59","date_gmt":"2017-03-18T00:14:59","guid":{"rendered":"http:\/\/www.inter-accion.com.mx\/?p=2943"},"modified":"2017-03-17T18:14:59","modified_gmt":"2017-03-18T00:14:59","slug":"operaciones-especiales-en-san-miguel-totolapan-y-chilapa-la-causa-por-la-que-el-ejercito-suspendio-reunion-con-empresarios","status":"publish","type":"post","link":"https:\/\/www.interaccionnoticias.com.mx\/?p=2943","title":{"rendered":"Operaciones especiales en San Miguel Totolapan y Chilapa, la causa por la que el Ej\u00e9rcito suspendi\u00f3 reuni\u00f3n con empresarios"},"content":{"rendered":"<p>* No teme el alcalde la presentaci\u00f3n de Juicio Pol\u00edtico en su contra&nbsp;<br \/>\n&nbsp;<br \/>\n&nbsp;<br \/>\nDe acuerdo con el alcalde de Chilpancingo, Marco Antonio Leyva Mena, la raz\u00f3n por la que los mandos de la 35 Zona Militar suspendieron la reuni\u00f3n programada para la ma\u00f1ana del jueves 16 de marzo con l\u00edderes empresariales de la ciudad, fue por la atenci\u00f3n que se presta a las operaciones especiales del personal castrense en San Miguel Totolapan y Chilapa, los puntos que en estos momentos generan mayor tensi\u00f3n en la entidad.<br \/>\nLa ma\u00f1ana del jueves, los presidentes en Chilpancingo de la Confederaci\u00f3n Patronal de la Rep\u00fablica Mexicana (Coparmex), la C\u00e1mara Nacional de Comercio (Canaco) y de la C\u00e1mara Nacional de la Industria Restaurantera y de Alimentos Condimentados (Canirac) acudieron a una reuni\u00f3n programada en las instalaciones de la 35 Zona Militar, la que fue suspendida la noche anterior.<br \/>\nRepresentantes como Adri\u00e1n Alarc\u00f3n R\u00edos, de Coparmex y V\u00edctor Manuel Ortega, de la Canaco reprocharon que el alcalde Leyva Mena no les haya informado a tiempo de que la reuni\u00f3n con los mandos militares se hab\u00eda suspendido, ya que ellos se presentaron, esperaron y al final fueron objeto de un desaire.<br \/>\nLa molestia fue tal, que los empresarios amagaron con solicitar al Congreso local, el inicio de un Juicio Pol\u00edtico en contra de alcalde, si este no aceptaba la petici\u00f3n de solicitar licencia para separarse del cargo.<br \/>\nLa ma\u00f1ana del viernes 17, el alcalde explic\u00f3 que la convocatoria la hizo el Mando Militar en un par de ocasiones, pero casi a la media noche del mi\u00e9rcoles 15, se le inform\u00f3 que la reuni\u00f3n quedaba cancelada hasta nuevo aviso.<br \/>\nEl primer edil dio por hecho que en la oficina de la 35 Zona tambi\u00e9n se dar\u00eda el aviso correspondiente a los dirigentes de las c\u00e1maras, por lo que no estableci\u00f3 la comunicaci\u00f3n correspondiente.<br \/>\nJustific\u00f3: \u201cEl general Jos\u00e9 Francisco Ter\u00e1n Valle, comandante de la 35 Zona Militar tiene a su cargo todas las operaciones de la Tierra Caliente, particularmente la zona de San Miguel Totolapan; la regi\u00f3n Norte, Monta\u00f1a, zona Centro, Monta\u00f1a alta y Monta\u00f1a baja, ah\u00ed donde se ubica Chilapa\u201d.<br \/>\nAgreg\u00f3: \u201cSali\u00f3 un operativo a esas horas, se cancel\u00f3 la reuni\u00f3n y pues entiendo que hubo un problema de comunicaci\u00f3n, pero de ninguna manera existe una intenci\u00f3n de ofender a los gremios\u201d.<br \/>\nSin embargo, destac\u00f3 que la propuesta de los dirigentes de las c\u00e1maras se est\u00e1 implementando parcialmente, pues en los hechos ya se han instalado algunos cinturones de seguridad.<br \/>\nExplic\u00f3 que hacia la salida sur se ha instalado un puesto de vigilancia con personal de la Polic\u00eda del Estado, solo con la intenci\u00f3n de recordarle a las comunitarias que no deben ingresar a Chilpancingo, adem\u00e1s de que ya se alistan Bases de Operaciones Mixtas en las salidas hacia el Distrito Federal (DF) y Tixtla.<br \/>\nLa construcci\u00f3n de las BOMUS tiene un costo de por lo menos un mill\u00f3n 500 mil pesos, de ah\u00ed que justifique el que no se instalen en los tiempos que plantean los representantes de las c\u00e1maras.<br \/>\nRespecto a la posibilidad de que se presente un Juicio Pol\u00edtico en su contra, Marco Antonio Leyva Mena indic\u00f3 que los l\u00edderes de los grupos empresariales valorar\u00e1n si un error de comunicaci\u00f3n tiene la repercusi\u00f3n necesaria como para justificar el inicio de un procedimiento de ese tipo.<br \/>\nEn todo caso, destac\u00f3 que el Congreso le habr\u00e1 de dar otorgar su derecho de audiencia, para en su momento aportar la informaci\u00f3n relacionada con respecto al trabajo que realiza en diferentes \u00e1reas, una de ellas, la relacionada con seguridad p\u00fablica.<\/p>\n","protected":false},"excerpt":{"rendered":"<p>* No teme el alcalde la presentaci\u00f3n de Juicio Pol\u00edtico en su contra&nbsp; &nbsp; &nbsp; De acuerdo con el alcalde de Chilpancingo, Marco Antonio Leyva Mena, la raz\u00f3n por la&hellip; <\/p>\n","protected":false},"author":1,"featured_media":0,"comment_status":"open","ping_status":"open","sticky":false,"template":"","format":"standard","meta":{"fifu_image_url":"","fifu_image_alt":"","footnotes":""},"categories":[13,8],"tags":[],"class_list":["post-2943","post","type-post","status-publish","format-standard","hentry","category-capital","category-featured"],"_links":{"self":[{"href":"https:\/\/www.interaccionnoticias.com.mx\/index.php?rest_route=\/wp\/v2\/posts\/2943","targetHints":{"allow":["GET"]}}],"collection":[{"href":"https:\/\/www.interaccionnoticias.com.mx\/index.php?rest_route=\/wp\/v2\/posts"}],"about":[{"href":"https:\/\/www.interaccionnoticias.com.mx\/index.php?rest_route=\/wp\/v2\/types\/post"}],"author":[{"embeddable":true,"href":"https:\/\/www.interaccionnoticias.com.mx\/index.php?rest_route=\/wp\/v2\/users\/1"}],"replies":[{"embeddable":true,"href":"https:\/\/www.interaccionnoticias.com.mx\/index.php?rest_route=%2Fwp%2Fv2%2Fcomments&post=2943"}],"version-history":[{"count":0,"href":"https:\/\/www.interaccionnoticias.com.mx\/index.php?rest_route=\/wp\/v2\/posts\/2943\/revisions"}],"wp:attachment":[{"href":"https:\/\/www.interaccionnoticias.com.mx\/index.php?rest_route=%2Fwp%2Fv2%2Fmedia&parent=2943"}],"wp:term":[{"taxonomy":"category","embeddable":true,"href":"https:\/\/www.interaccionnoticias.com.mx\/index.php?rest_route=%2Fwp%2Fv2%2Fcategories&post=2943"},{"taxonomy":"post_tag","embeddable":true,"href":"https:\/\/www.interaccionnoticias.com.mx\/index.php?rest_route=%2Fwp%2Fv2%2Ftags&post=2943"}],"curies":[{"name":"wp","href":"https:\/\/api.w.org\/{rel}","templated":true}]}}