{"id":2893,"date":"2017-03-15T20:28:37","date_gmt":"2017-03-16T02:28:37","guid":{"rendered":"http:\/\/www.inter-accion.com.mx\/?p=2893"},"modified":"2017-03-15T20:28:37","modified_gmt":"2017-03-16T02:28:37","slug":"retencion-de-participaciones-federales-afectaria-gasto-corriente-sefina","status":"publish","type":"post","link":"https:\/\/www.interaccionnoticias.com.mx\/?p=2893","title":{"rendered":"Retenci\u00f3n de participaciones federales, afectar\u00eda gasto corriente: SEFINA"},"content":{"rendered":"<p><span style=\"font-weight: 400;\">*ASF solo detect\u00f3 una observaci\u00f3n al gobierno de Astudillo Flores, afirm\u00f3 Apreza Patr\u00f3n<\/span><br \/>\n&nbsp;<br \/>\n<b>Chilpancingo, 15 de marzo.-<\/b><span style=\"font-weight: 400;\"> El secretario de finanzas y administraci\u00f3n, H\u00e9ctor Apreza Patr\u00f3n se\u00f1al\u00f3 que existen negociaciones con la federaci\u00f3n para que no se retengan las participaciones federales, que en el estado afectar\u00edan principalmente al gasto corriente, especialmente al pago de n\u00f3mina. <\/span><br \/>\n<span style=\"font-weight: 400;\">Insisti\u00f3 que la entidad no cuenta con capacidad de pago para solventar un cr\u00e9dito fiscal de 4 mil millones de pesos por no entero de Impuesto Sobre la Renta (ISR) en el \u00e1rea de educaci\u00f3n y salud, que fue heredado desde la administraci\u00f3n que encabez\u00f3 el ex gobernador \u00c1ngel Aguirre Rivero en 2013, y sucesivamente por Rogelio Ortega Mart\u00ednez. <\/span><br \/>\n<span style=\"font-weight: 400;\">\u201cSe est\u00e1 negociando para que no se retengan las participaciones federales, no es que se cobren a lo chino, un recurso que no era del gobierno se utiliz\u00f3 para cubrir otros asuntos de gobierno y esto evidentemente es un dinero que era de la federaci\u00f3n, del SAT y en cualquier momento nos empiezan a haber afectaciones\u201d, precis\u00f3. <\/span><br \/>\n<span style=\"font-weight: 400;\">El funcionario estatal reconoci\u00f3 que los recursos que pudieran estar en riesgo de ser retenidos, son las participaciones federales, que significar\u00eda una situaci\u00f3n grave pues con ese recurso se cubre el gasto corriente, espec\u00edficamente el pago de n\u00f3mina. <\/span><br \/>\n<span style=\"font-weight: 400;\">\u201cEstamos haciendo un gran esfuerzo en el reordenamiento de las finanzas p\u00fablicas, pero no olvidemos que nos heredaron una administraci\u00f3n financiera destrozada, simple y sencillamente tenemos un cr\u00e9dito fiscal de 4 mil millones de pesos\u201d, puntualiz\u00f3. <\/span><br \/>\n<span style=\"font-weight: 400;\">En otro tema se\u00f1al\u00f3 que la observaci\u00f3n que detect\u00f3 la Auditoria Superior de la Federaci\u00f3n, en los primeros dos meses de gobierno de H\u00e9ctor Astudillo Flores, est\u00e1 en un proceso de solventaci\u00f3n, pues el resto de las observaciones se hicieron a la administraci\u00f3n que encabez\u00f3 Rogelio Ortega Mart\u00ednez. <\/span><br \/>\n<span style=\"font-weight: 400;\">\u201cEn el caso de la secretar\u00eda de finanzas, quiero se\u00f1alar que no tuvimos mayores observaciones, solamente hubo una observaci\u00f3n en el informe final, que ustedes podr\u00e1n constatar que es de alrededor de 3.2 millones de pesos, y que sobre todo era por un pago pendiente del cinco al millar a la contralor\u00eda del estado, que ya realizamos\u00bb, concluy\u00f3 Apreza Patr\u00f3n.<\/span><\/p>\n","protected":false},"excerpt":{"rendered":"<p>*ASF solo detect\u00f3 una observaci\u00f3n al gobierno de Astudillo Flores, afirm\u00f3 Apreza Patr\u00f3n &nbsp; Chilpancingo, 15 de marzo.- El secretario de finanzas y administraci\u00f3n, H\u00e9ctor Apreza Patr\u00f3n se\u00f1al\u00f3 que existen&hellip; <\/p>\n","protected":false},"author":1,"featured_media":0,"comment_status":"open","ping_status":"open","sticky":false,"template":"","format":"standard","meta":{"fifu_image_url":"","fifu_image_alt":"","footnotes":""},"categories":[8,11],"tags":[],"class_list":["post-2893","post","type-post","status-publish","format-standard","hentry","category-featured","category-guerrero"],"_links":{"self":[{"href":"https:\/\/www.interaccionnoticias.com.mx\/index.php?rest_route=\/wp\/v2\/posts\/2893","targetHints":{"allow":["GET"]}}],"collection":[{"href":"https:\/\/www.interaccionnoticias.com.mx\/index.php?rest_route=\/wp\/v2\/posts"}],"about":[{"href":"https:\/\/www.interaccionnoticias.com.mx\/index.php?rest_route=\/wp\/v2\/types\/post"}],"author":[{"embeddable":true,"href":"https:\/\/www.interaccionnoticias.com.mx\/index.php?rest_route=\/wp\/v2\/users\/1"}],"replies":[{"embeddable":true,"href":"https:\/\/www.interaccionnoticias.com.mx\/index.php?rest_route=%2Fwp%2Fv2%2Fcomments&post=2893"}],"version-history":[{"count":0,"href":"https:\/\/www.interaccionnoticias.com.mx\/index.php?rest_route=\/wp\/v2\/posts\/2893\/revisions"}],"wp:attachment":[{"href":"https:\/\/www.interaccionnoticias.com.mx\/index.php?rest_route=%2Fwp%2Fv2%2Fmedia&parent=2893"}],"wp:term":[{"taxonomy":"category","embeddable":true,"href":"https:\/\/www.interaccionnoticias.com.mx\/index.php?rest_route=%2Fwp%2Fv2%2Fcategories&post=2893"},{"taxonomy":"post_tag","embeddable":true,"href":"https:\/\/www.interaccionnoticias.com.mx\/index.php?rest_route=%2Fwp%2Fv2%2Ftags&post=2893"}],"curies":[{"name":"wp","href":"https:\/\/api.w.org\/{rel}","templated":true}]}}