{"id":2887,"date":"2017-03-15T20:18:15","date_gmt":"2017-03-16T02:18:15","guid":{"rendered":"http:\/\/www.inter-accion.com.mx\/?p=2887"},"modified":"2017-03-15T20:18:15","modified_gmt":"2017-03-16T02:18:15","slug":"padres-de-los-43-respaldan-al-senor-antonio-tizapa-quien-increpo-al-lider-nacional-del-morena-en-los-estados-unidos","status":"publish","type":"post","link":"https:\/\/www.interaccionnoticias.com.mx\/?p=2887","title":{"rendered":"Padres de los 43 respaldan al se\u00f1or Antonio Tizapa, quien increp\u00f3 al l\u00edder nacional del MORENA en los Estados Unidos"},"content":{"rendered":"<p>V\u00eda comunicado, el colectivo Nos Faltan 43 respald\u00f3 al se\u00f1or Antonio Tizapa, padre del estudiante desaparecido de la Normal Rural de Ayotzinapa, Jorge Antonio Tizapa Leguide\u00f1o, quien increp\u00f3 al dirigente principal del Movimiento de Regeneraci\u00f3n Nacional (Morena), Andr\u00e9s Manuel L\u00f3pez Obrador en una gira por Estados Unidos (EUA).<br \/>\n\u201cComo padres de familia, queremos expresar nuestro total apoyo y respaldo para nuestro compa\u00f1ero Antonio Tizapa, queremos decirle que entendemos su dolor, porque es el&nbsp; mismo que hemos sentido nosotros\u201d, indica el colectivo del cual es vocero el profesor Felipe de la Cruz.<br \/>\nEn el documento, indican que los padres de los 43 tienen perfectamente claro quienes son los responsables de los hechos registrados la noche del 26 de septiembre de 2014, con base a los trabajos realizados por el Grupo Interdisciplinario de Expertos Independientes (GIEI).<br \/>\n\u201cLos cuerpos polic\u00edacos y militares tuvieron una responsabilidad directa en los ataques y la desaparici\u00f3n de nuestros hijos, de manera indirecta los presidentes municipales de la regi\u00f3n Norte y de manera indirecta el entonces gobernador Angel Aguirre Rivero\u201d, refieren.<br \/>\nTambi\u00e9n ratificaron su convicci\u00f3n de que el ex director de la Agencia de Investigaci\u00f3n Criminal de la Procuradur\u00eda General de la Rep\u00fablica (PGR), Tom\u00e1s Zer\u00f3n de Lucio tuvo una injerencia directa en la manipulaci\u00f3n de las primeras investigaciones, que dieron forma a lo que en su momento pretendi\u00f3 venderse como una verdad hist\u00f3rica, raz\u00f3n por la que debe ser sancionado.<br \/>\nManifestaron su negativa a permitir que el caso de los 43 sea utilizado con fines pol\u00edticos, por las graves implicaciones que tiene la desaparici\u00f3n colectiva de los estudiantes de la Normal Rural de Ayotzinapa.<br \/>\n&nbsp;<br \/>\n&nbsp;&nbsp;&nbsp;<\/p>\n","protected":false},"excerpt":{"rendered":"<p>V\u00eda comunicado, el colectivo Nos Faltan 43 respald\u00f3 al se\u00f1or Antonio Tizapa, padre del estudiante desaparecido de la Normal Rural de Ayotzinapa, Jorge Antonio Tizapa Leguide\u00f1o, quien increp\u00f3 al dirigente&hellip; <\/p>\n","protected":false},"author":1,"featured_media":0,"comment_status":"open","ping_status":"open","sticky":false,"template":"","format":"standard","meta":{"fifu_image_url":"","fifu_image_alt":"","footnotes":""},"categories":[8,15],"tags":[],"class_list":["post-2887","post","type-post","status-publish","format-standard","hentry","category-featured","category-movimientos-sociales"],"_links":{"self":[{"href":"https:\/\/www.interaccionnoticias.com.mx\/index.php?rest_route=\/wp\/v2\/posts\/2887","targetHints":{"allow":["GET"]}}],"collection":[{"href":"https:\/\/www.interaccionnoticias.com.mx\/index.php?rest_route=\/wp\/v2\/posts"}],"about":[{"href":"https:\/\/www.interaccionnoticias.com.mx\/index.php?rest_route=\/wp\/v2\/types\/post"}],"author":[{"embeddable":true,"href":"https:\/\/www.interaccionnoticias.com.mx\/index.php?rest_route=\/wp\/v2\/users\/1"}],"replies":[{"embeddable":true,"href":"https:\/\/www.interaccionnoticias.com.mx\/index.php?rest_route=%2Fwp%2Fv2%2Fcomments&post=2887"}],"version-history":[{"count":0,"href":"https:\/\/www.interaccionnoticias.com.mx\/index.php?rest_route=\/wp\/v2\/posts\/2887\/revisions"}],"wp:attachment":[{"href":"https:\/\/www.interaccionnoticias.com.mx\/index.php?rest_route=%2Fwp%2Fv2%2Fmedia&parent=2887"}],"wp:term":[{"taxonomy":"category","embeddable":true,"href":"https:\/\/www.interaccionnoticias.com.mx\/index.php?rest_route=%2Fwp%2Fv2%2Fcategories&post=2887"},{"taxonomy":"post_tag","embeddable":true,"href":"https:\/\/www.interaccionnoticias.com.mx\/index.php?rest_route=%2Fwp%2Fv2%2Ftags&post=2887"}],"curies":[{"name":"wp","href":"https:\/\/api.w.org\/{rel}","templated":true}]}}