{"id":2884,"date":"2017-03-15T20:13:14","date_gmt":"2017-03-16T02:13:14","guid":{"rendered":"http:\/\/www.inter-accion.com.mx\/?p=2884"},"modified":"2017-03-15T20:13:14","modified_gmt":"2017-03-16T02:13:14","slug":"posponen-la-reunion-entre-el-gobierno-estatal-y-la-autodefensa-de-san-miguel-totolapan","status":"publish","type":"post","link":"https:\/\/www.interaccionnoticias.com.mx\/?p=2884","title":{"rendered":"Posponen la reuni\u00f3n entre el gobierno estatal y la autodefensa de San Miguel Totolapan"},"content":{"rendered":"<p><span style=\"font-weight: 400;\">*Estaba programada para realizarse en Chilpancingo <\/span><br \/>\n&nbsp;<br \/>\n<b>Chilpancingo, 15 de marzo.-<\/b><span style=\"font-weight: 400;\"> De \u00faltima hora, la reuni\u00f3n entre el gobierno estatal y la autodefensa de San Miguel Totolapan se pospuso. Los temas que se tratar\u00edan en el encuentro son el regreso a clases de m\u00e1s de 60 escuelas, la detenci\u00f3n de Raybel Jacobo de Almonte, alias \u201cEl Tequilero\u201d y el desafuero del diputado local del PRI, Sa\u00fal Beltr\u00e1n Orozco.<\/span><br \/>\n<span style=\"font-weight: 400;\">Hasta la noche del martes 14 de marzo, representantes del Movimiento por la Paz de San Miguel Totolapan hab\u00edan confirmado que el encuentro se desarrollar\u00eda a partir de las 14:00 horas del mi\u00e9rcoles en la residencia oficial Casa Guerrero.<\/span><br \/>\n<span style=\"font-weight: 400;\">La reuni\u00f3n ya se hab\u00eda suspendido la semana pasada, luego de que los integrantes del movimiento informaran que no hab\u00eda condiciones para garantizar su traslado a la capital del estado, pero adem\u00e1s, reprocharon que no se registraran detenciones en la organizaci\u00f3n delictiva que dirige \u201cEl Tequilero\u201d.<\/span><br \/>\n<span style=\"font-weight: 400;\">Sin embargo, el fin de semana se indic\u00f3 que para la ma\u00f1ana del martes 14, por lo menos 40 escuelas estar\u00edan retomando las actividades escolares, luego de que se suspendieran desde la jornada del 12 de diciembre, cuando deton\u00f3 el movimiento de autodefensa.<\/span><br \/>\n<span style=\"font-weight: 400;\">La ma\u00f1ana del mi\u00e9rcoles, el propio gobernador H\u00e9ctor Astudillo Flores admiti\u00f3 que hab\u00eda el acuerdo de realizar la reuni\u00f3n, aunque tambi\u00e9n destac\u00f3: \u201cParece que ten\u00edan una inquietud en materia de seguridad y ya la resolvieron\u201d.<\/span><br \/>\n<span style=\"font-weight: 400;\">El gobernador manifest\u00f3 que comparte la inquietud de los integrantes del Movimiento por la Paz, as\u00ed como de los trabajadores del sector educativo, en el sentido de que se necesita detener a todos los integrantes de la banda de Los Tequileros, principalmente a su l\u00edder, Raybel Jacobo.<\/span><br \/>\n<span style=\"font-weight: 400;\">Sin embargo, el mandatario estatal destac\u00f3 que desde su perspectiva, dado el despliegue de militares y polic\u00edas que hay en la zona, ya existen condiciones para que los profesores regresen a clases.<\/span><br \/>\n<span style=\"font-weight: 400;\">Pasadas las 14:00 horas, se logr\u00f3 establecer comunicaci\u00f3n telef\u00f3nica con los representantes del Movimiento por la Paz: En tono seco, se limitaron a se\u00f1alar que la reuni\u00f3n se hab\u00eda pospuesto, pero que no pod\u00edan informar sobre los motivos.<\/span><br \/>\n<span style=\"font-weight: 400;\">Anticiparon que m\u00e1s tarde dar\u00edan una explicaci\u00f3n, pero enfatizaron que por el momento el encuentro con el gobernador no se llevar\u00eda a cabo. &nbsp;&nbsp;&nbsp;&nbsp;&nbsp;<\/span><br \/>\n&nbsp;<\/p>\n","protected":false},"excerpt":{"rendered":"<p>*Estaba programada para realizarse en Chilpancingo &nbsp; Chilpancingo, 15 de marzo.- De \u00faltima hora, la reuni\u00f3n entre el gobierno estatal y la autodefensa de San Miguel Totolapan se pospuso. Los&hellip; <\/p>\n","protected":false},"author":1,"featured_media":0,"comment_status":"open","ping_status":"open","sticky":false,"template":"","format":"standard","meta":{"fifu_image_url":"","fifu_image_alt":"","footnotes":""},"categories":[8,23],"tags":[],"class_list":["post-2884","post","type-post","status-publish","format-standard","hentry","category-featured","category-regionales"],"_links":{"self":[{"href":"https:\/\/www.interaccionnoticias.com.mx\/index.php?rest_route=\/wp\/v2\/posts\/2884","targetHints":{"allow":["GET"]}}],"collection":[{"href":"https:\/\/www.interaccionnoticias.com.mx\/index.php?rest_route=\/wp\/v2\/posts"}],"about":[{"href":"https:\/\/www.interaccionnoticias.com.mx\/index.php?rest_route=\/wp\/v2\/types\/post"}],"author":[{"embeddable":true,"href":"https:\/\/www.interaccionnoticias.com.mx\/index.php?rest_route=\/wp\/v2\/users\/1"}],"replies":[{"embeddable":true,"href":"https:\/\/www.interaccionnoticias.com.mx\/index.php?rest_route=%2Fwp%2Fv2%2Fcomments&post=2884"}],"version-history":[{"count":0,"href":"https:\/\/www.interaccionnoticias.com.mx\/index.php?rest_route=\/wp\/v2\/posts\/2884\/revisions"}],"wp:attachment":[{"href":"https:\/\/www.interaccionnoticias.com.mx\/index.php?rest_route=%2Fwp%2Fv2%2Fmedia&parent=2884"}],"wp:term":[{"taxonomy":"category","embeddable":true,"href":"https:\/\/www.interaccionnoticias.com.mx\/index.php?rest_route=%2Fwp%2Fv2%2Fcategories&post=2884"},{"taxonomy":"post_tag","embeddable":true,"href":"https:\/\/www.interaccionnoticias.com.mx\/index.php?rest_route=%2Fwp%2Fv2%2Ftags&post=2884"}],"curies":[{"name":"wp","href":"https:\/\/api.w.org\/{rel}","templated":true}]}}