{"id":2875,"date":"2017-03-15T18:06:21","date_gmt":"2017-03-16T00:06:21","guid":{"rendered":"http:\/\/www.inter-accion.com.mx\/?p=2875"},"modified":"2017-03-15T18:06:21","modified_gmt":"2017-03-16T00:06:21","slug":"levantan-a-un-agente-del-mp-y-su-auxiliar-de-taxco","status":"publish","type":"post","link":"https:\/\/www.interaccionnoticias.com.mx\/?p=2875","title":{"rendered":"Levantan a un agente del MP y su auxiliar de Taxco"},"content":{"rendered":"<p>En Iguala, Hombres armados privaron de la libertad al titular y su auxiliar de la Agencia del Ministerio P\u00fablico del Fuero Com\u00fan (AMPFC)&nbsp;de Taxco de Alarc\u00f3n.<br \/>\nDe acuerdo con reportes polic\u00edacos, el hecho se registr\u00f3 alrededor de las 08:00 horas del mi\u00e9rcoles 15 de marzo en la cabecera municipal de Iguala, en donde ambos funcionarios de la Fiscal\u00eda General del Estado (FGE) radican, de donde diariamente viajan hacia Taxco de Alarc\u00f3n.<br \/>\nEl titular del MP es Hermenegildo \u201cN\u201d y su auxiliar est\u00e1 identificado como Marco Antonio \u201cN\u201d, ambos viven en el fraccionamiento Am\u00e9ricas 2, lugar en el que fueron interceptados por un grupo de hombres armados cuando se dispon\u00edan a comenzar su jornada de rutina, consistente de manera inicial en viajar hacia Taxco. &nbsp;<br \/>\nAunque personal de diferentes corporaciones polic\u00edacas implement\u00f3 un operativo de b\u00fasqueda, hasta entrada la tarde no se ten\u00eda informaci\u00f3n respecto a los resultados.<\/p>\n","protected":false},"excerpt":{"rendered":"<p>En Iguala, Hombres armados privaron de la libertad al titular y su auxiliar de la Agencia del Ministerio P\u00fablico del Fuero Com\u00fan (AMPFC)&nbsp;de Taxco de Alarc\u00f3n. De acuerdo con reportes&hellip; <\/p>\n","protected":false},"author":1,"featured_media":0,"comment_status":"open","ping_status":"open","sticky":false,"template":"","format":"standard","meta":{"fifu_image_url":"","fifu_image_alt":"","footnotes":""},"categories":[8,27],"tags":[],"class_list":["post-2875","post","type-post","status-publish","format-standard","hentry","category-featured","category-seguridad-publica"],"_links":{"self":[{"href":"https:\/\/www.interaccionnoticias.com.mx\/index.php?rest_route=\/wp\/v2\/posts\/2875","targetHints":{"allow":["GET"]}}],"collection":[{"href":"https:\/\/www.interaccionnoticias.com.mx\/index.php?rest_route=\/wp\/v2\/posts"}],"about":[{"href":"https:\/\/www.interaccionnoticias.com.mx\/index.php?rest_route=\/wp\/v2\/types\/post"}],"author":[{"embeddable":true,"href":"https:\/\/www.interaccionnoticias.com.mx\/index.php?rest_route=\/wp\/v2\/users\/1"}],"replies":[{"embeddable":true,"href":"https:\/\/www.interaccionnoticias.com.mx\/index.php?rest_route=%2Fwp%2Fv2%2Fcomments&post=2875"}],"version-history":[{"count":0,"href":"https:\/\/www.interaccionnoticias.com.mx\/index.php?rest_route=\/wp\/v2\/posts\/2875\/revisions"}],"wp:attachment":[{"href":"https:\/\/www.interaccionnoticias.com.mx\/index.php?rest_route=%2Fwp%2Fv2%2Fmedia&parent=2875"}],"wp:term":[{"taxonomy":"category","embeddable":true,"href":"https:\/\/www.interaccionnoticias.com.mx\/index.php?rest_route=%2Fwp%2Fv2%2Fcategories&post=2875"},{"taxonomy":"post_tag","embeddable":true,"href":"https:\/\/www.interaccionnoticias.com.mx\/index.php?rest_route=%2Fwp%2Fv2%2Ftags&post=2875"}],"curies":[{"name":"wp","href":"https:\/\/api.w.org\/{rel}","templated":true}]}}