{"id":2862,"date":"2017-03-14T19:49:25","date_gmt":"2017-03-15T01:49:25","guid":{"rendered":"http:\/\/www.inter-accion.com.mx\/?p=2862"},"modified":"2017-03-14T19:49:25","modified_gmt":"2017-03-15T01:49:25","slug":"adecuaciones-a-la-ley-701-dejaran-en-la-ilegalidad-a-las-autodefensas-que-operan-en-zonas-no-indigenas","status":"publish","type":"post","link":"https:\/\/www.interaccionnoticias.com.mx\/?p=2862","title":{"rendered":"Adecuaciones a la ley 701 dejar\u00e1n en la ilegalidad a las autodefensas que operan en zonas no ind\u00edgenas"},"content":{"rendered":"<p>* En abril, el&nbsp;dictamen de comisiones unidas&nbsp; &nbsp;<br \/>\n&nbsp;<br \/>\nLos presidentes de las comisiones legislativas de Justicia y Asuntos Ind\u00edgenas del Congreso local, H\u00e9ctor Vicario Castrej\u00f3n y Osiel Hugar Garc\u00eda Trujillo, respectivamente aseguraron que las adecuaciones que se van a realizar a la Ley 701, en materia de derechos y cultura ind\u00edgena dejar\u00e1n en la ilegalidad a los grupos de civiles armados que se asumen como polic\u00edas comunitarias sin serlo.<br \/>\nAmbas comisiones legislativas actualmente est\u00e1n declaradas en sesi\u00f3n permanente, pues a m\u00e1s tardar el 26 de abril habr\u00e1n de dictaminar diferentes modificaciones a la Ley 701, aunque aclaran que sin las adecuaciones que se plantean, la legislaci\u00f3n actual no pierde vigencia.<br \/>\nPrevio a la emisi\u00f3n del dictamen, las comisiones encargadas habr\u00e1n de realizar foros de consulta en diferentes puntos de la entidad, para que los pueblos interesados presenten las propuestas que consideren pertinentes.<br \/>\nEn la revisi\u00f3n de dicha ley tambi\u00e9n participa la Comisi\u00f3n de Seguridad P\u00fablica, que preside el coordinador del Movimiento Ciudadano (MC), Ricardo Mej\u00eda Berdeja. &nbsp;&nbsp;&nbsp;<br \/>\nLa intenci\u00f3n de los representantes populares, es que los beneficiados de dicha disposici\u00f3n es favorecer a los habitantes de comunidades ind\u00edgenas.<br \/>\nEn consecuencia, indicaron que solo se reconocer\u00e1 como Polic\u00eda Comunitaria (PC) a quienes operen en comunidades cuya poblaci\u00f3n sea eminentemente ind\u00edgena.<br \/>\nHasta el momento, solamente la Coordinadora Regional de Autoridades Comunitarias (CRAC) encuadra en lo que mandata dicha ley, ya que se fund\u00f3 y ha operado desde hace m\u00e1s de 20 a\u00f1os en zonas habitadas mayoritariamente por poblaci\u00f3n ind\u00edgena.<br \/>\nLos grupos que han surgido en la Tierra Caliente, Zona Norte, regi\u00f3n Centro y la zona rural de Acapulco, no entran dentro del marco que establece la Ley 701 y en consecuencia, est\u00e1n operando en la ilegalidad, en la l\u00f3gica de la redacci\u00f3n que preparan los integrantes de las comisiones de Asuntos Ind\u00edgenas, Justicia y Seguridad P\u00fablica.<br \/>\nEn su momento, el integrante de la fracci\u00f3n parlamentaria del Movimiento Ciudadano (MC), Silvano Blanco Deaquino advirti\u00f3 sobre las implicaciones que puede tener el asumir una actitud excluyente respecto a los grupos que se asumen como polic\u00edas comunitarias y que operan en zonas mestizas.<br \/>\nIndic\u00f3 que se debe valorar el trabajo que realizan la Uni\u00f3n de Pueblos y Organizaciones del Estado de Guerrero (UPOEG) y el Frente Unido por la Seguridad y el Desarrollo (FUSDEG), pues tienen presencia real y los niveles de inseguridad han bajado de manera importante en sus zonas de influencia.<\/p>\n","protected":false},"excerpt":{"rendered":"<p>* En abril, el&nbsp;dictamen de comisiones unidas&nbsp; &nbsp; &nbsp; Los presidentes de las comisiones legislativas de Justicia y Asuntos Ind\u00edgenas del Congreso local, H\u00e9ctor Vicario Castrej\u00f3n y Osiel Hugar Garc\u00eda&hellip; <\/p>\n","protected":false},"author":1,"featured_media":0,"comment_status":"open","ping_status":"open","sticky":false,"template":"","format":"standard","meta":{"fifu_image_url":"","fifu_image_alt":"","footnotes":""},"categories":[2,8],"tags":[],"class_list":["post-2862","post","type-post","status-publish","format-standard","hentry","category-congreso","category-featured"],"_links":{"self":[{"href":"https:\/\/www.interaccionnoticias.com.mx\/index.php?rest_route=\/wp\/v2\/posts\/2862","targetHints":{"allow":["GET"]}}],"collection":[{"href":"https:\/\/www.interaccionnoticias.com.mx\/index.php?rest_route=\/wp\/v2\/posts"}],"about":[{"href":"https:\/\/www.interaccionnoticias.com.mx\/index.php?rest_route=\/wp\/v2\/types\/post"}],"author":[{"embeddable":true,"href":"https:\/\/www.interaccionnoticias.com.mx\/index.php?rest_route=\/wp\/v2\/users\/1"}],"replies":[{"embeddable":true,"href":"https:\/\/www.interaccionnoticias.com.mx\/index.php?rest_route=%2Fwp%2Fv2%2Fcomments&post=2862"}],"version-history":[{"count":0,"href":"https:\/\/www.interaccionnoticias.com.mx\/index.php?rest_route=\/wp\/v2\/posts\/2862\/revisions"}],"wp:attachment":[{"href":"https:\/\/www.interaccionnoticias.com.mx\/index.php?rest_route=%2Fwp%2Fv2%2Fmedia&parent=2862"}],"wp:term":[{"taxonomy":"category","embeddable":true,"href":"https:\/\/www.interaccionnoticias.com.mx\/index.php?rest_route=%2Fwp%2Fv2%2Fcategories&post=2862"},{"taxonomy":"post_tag","embeddable":true,"href":"https:\/\/www.interaccionnoticias.com.mx\/index.php?rest_route=%2Fwp%2Fv2%2Ftags&post=2862"}],"curies":[{"name":"wp","href":"https:\/\/api.w.org\/{rel}","templated":true}]}}