{"id":2851,"date":"2017-03-14T18:08:49","date_gmt":"2017-03-15T00:08:49","guid":{"rendered":"http:\/\/www.inter-accion.com.mx\/?p=2851"},"modified":"2017-03-14T18:08:49","modified_gmt":"2017-03-15T00:08:49","slug":"incendian-un-autobus-del-servicio-urbano-en-acapulco","status":"publish","type":"post","link":"https:\/\/www.interaccionnoticias.com.mx\/?p=2851","title":{"rendered":"Incendian un autob\u00fas del servicio urbano en Acapulco"},"content":{"rendered":"<p><span style=\"font-weight: 400;\">El incendio de un cami\u00f3n urbano provoc\u00f3 que fueran evacuados 28 menores de una estancia infantil, 30 personas m\u00e1s de un instituto de estudios superiores y da\u00f1os parciales a dos autom\u00f3viles, en el centro de Acapulco.<\/span><br \/>\n<span style=\"font-weight: 400;\">Se report\u00f3 al Servicio de Emergencia 911, aproximadamente a las 09:47 horas que sobre la calle Quebrada, junto al edificio de la Canaco-Servytur, en pleno centro, se incendiaba un cami\u00f3n de pasajeros.<\/span><br \/>\n<span style=\"font-weight: 400;\">Hasta el lugar lleg\u00f3 personal de Protecci\u00f3n Civil y de Bomberos para sofocar el fuego que se extendi\u00f3 da\u00f1ando dos veh\u00edculos, uno marca Chevrolet tipo Aveo y un Volkswagen tipo Golf, ambos con placas de Guerrero y los ventanales del edificio de la Canaco-Servytur.<\/span><br \/>\n<span style=\"font-weight: 400;\">Testigos presenciales aseguran que el chofer del cami\u00f3n y otra persona fueron bajadas con violencia antes de que la unidad ardiera en llamas.<\/span><br \/>\n<span style=\"font-weight: 400;\">De la guarder\u00eda con raz\u00f3n social \u00abBambino\u00bb, fueron evacuados 28 menores y siete maestros, as\u00ed como el personal de Recaudaci\u00f3n de rentas del gobierno estatal, para garantizarles la seguridad a los empleados.<\/span><br \/>\n<span style=\"font-weight: 400;\">Personal de Protecci\u00f3n Civil no report\u00f3 personas lesionadas ni fallecidas tras el incendio y la evacuaci\u00f3n de los tres edificios.<\/span><br \/>\n&nbsp;<\/p>\n","protected":false},"excerpt":{"rendered":"<p>El incendio de un cami\u00f3n urbano provoc\u00f3 que fueran evacuados 28 menores de una estancia infantil, 30 personas m\u00e1s de un instituto de estudios superiores y da\u00f1os parciales a dos&hellip; <\/p>\n","protected":false},"author":1,"featured_media":0,"comment_status":"open","ping_status":"open","sticky":false,"template":"","format":"standard","meta":{"fifu_image_url":"","fifu_image_alt":"","footnotes":""},"categories":[8,23],"tags":[],"class_list":["post-2851","post","type-post","status-publish","format-standard","hentry","category-featured","category-regionales"],"_links":{"self":[{"href":"https:\/\/www.interaccionnoticias.com.mx\/index.php?rest_route=\/wp\/v2\/posts\/2851","targetHints":{"allow":["GET"]}}],"collection":[{"href":"https:\/\/www.interaccionnoticias.com.mx\/index.php?rest_route=\/wp\/v2\/posts"}],"about":[{"href":"https:\/\/www.interaccionnoticias.com.mx\/index.php?rest_route=\/wp\/v2\/types\/post"}],"author":[{"embeddable":true,"href":"https:\/\/www.interaccionnoticias.com.mx\/index.php?rest_route=\/wp\/v2\/users\/1"}],"replies":[{"embeddable":true,"href":"https:\/\/www.interaccionnoticias.com.mx\/index.php?rest_route=%2Fwp%2Fv2%2Fcomments&post=2851"}],"version-history":[{"count":0,"href":"https:\/\/www.interaccionnoticias.com.mx\/index.php?rest_route=\/wp\/v2\/posts\/2851\/revisions"}],"wp:attachment":[{"href":"https:\/\/www.interaccionnoticias.com.mx\/index.php?rest_route=%2Fwp%2Fv2%2Fmedia&parent=2851"}],"wp:term":[{"taxonomy":"category","embeddable":true,"href":"https:\/\/www.interaccionnoticias.com.mx\/index.php?rest_route=%2Fwp%2Fv2%2Fcategories&post=2851"},{"taxonomy":"post_tag","embeddable":true,"href":"https:\/\/www.interaccionnoticias.com.mx\/index.php?rest_route=%2Fwp%2Fv2%2Ftags&post=2851"}],"curies":[{"name":"wp","href":"https:\/\/api.w.org\/{rel}","templated":true}]}}