{"id":2806,"date":"2017-03-13T18:05:28","date_gmt":"2017-03-14T00:05:28","guid":{"rendered":"http:\/\/www.inter-accion.com.mx\/?p=2806"},"modified":"2017-03-13T18:05:28","modified_gmt":"2017-03-14T00:05:28","slug":"policias-despedidos-toman-durante-una-hora-el-palacio-municipal-de-chilpancingo","status":"publish","type":"post","link":"https:\/\/www.interaccionnoticias.com.mx\/?p=2806","title":{"rendered":"Polic\u00edas despedidos toman durante una hora el Palacio Municipal de Chilpancingo"},"content":{"rendered":"<p>Polic\u00edas despedidos de Chilpancingo tomaron durante una hora las instalaciones del Palacio Municipal, exigen su reinstalaci\u00f3n o el pago de un finiquito justo.<br \/>\nLos elementos que fueron despedidos en diciembre pasado, llegaron a las instalaciones del ayuntamiento y solicitaron la instalaci\u00f3n de una mesa de trabajo con el alcalde Marco Antonio Leyva Mena.<br \/>\nDe entrada, se\u00f1alaron que lo que el ayuntamiento les ofrece es muy poco, adem\u00e1s de que los enviados de la administraci\u00f3n no respetan los acuerdos que est\u00e1n contenidos en minutas.<br \/>\nPara forzar La instalaci\u00f3n de una mesa de trabajo, cerraron las dos puertas de acceso, denunciando que los enviados del ayuntamiento no han respetado lo firmado por sus superiores.<br \/>\nHasta la jornada del lunes, el municipio les deb\u00eda cinco quincenas, lo que consideraron como un acto de arbitrariedad.<br \/>\nAntes de las 12:00 horas, el alcalde Marco Antonio Leyva Mena les ofreci\u00f3 una reuni\u00f3n, a los que el grupo de manifestantes accedieron y liberaron las puertas del ayuntamiento.<br \/>\nAunque sostienen que son 28 los elementos que fueron despedidos de manera injustificada, los manifestantes reconocieron que hay por lo menos cinco de sus compa\u00f1eros que ya llegaron a un pacto con la administraci\u00f3n.<br \/>\nEllos dijeron que se mantienen firmes en la resistencia, porque el finiquito que les ofrecen est\u00e1 muy por debajo de lo que les corresponde por ley.<br \/>\n&nbsp;&nbsp;&nbsp;&nbsp;&nbsp;&nbsp;&nbsp;&nbsp;&nbsp;&nbsp;&nbsp;&nbsp;&nbsp;&nbsp;&nbsp;&nbsp;&nbsp;&nbsp;&nbsp;<\/p>\n","protected":false},"excerpt":{"rendered":"<p>Polic\u00edas despedidos de Chilpancingo tomaron durante una hora las instalaciones del Palacio Municipal, exigen su reinstalaci\u00f3n o el pago de un finiquito justo. Los elementos que fueron despedidos en diciembre&hellip; <\/p>\n","protected":false},"author":1,"featured_media":0,"comment_status":"open","ping_status":"open","sticky":false,"template":"","format":"standard","meta":{"fifu_image_url":"","fifu_image_alt":"","footnotes":""},"categories":[13,8],"tags":[],"class_list":["post-2806","post","type-post","status-publish","format-standard","hentry","category-capital","category-featured"],"_links":{"self":[{"href":"https:\/\/www.interaccionnoticias.com.mx\/index.php?rest_route=\/wp\/v2\/posts\/2806","targetHints":{"allow":["GET"]}}],"collection":[{"href":"https:\/\/www.interaccionnoticias.com.mx\/index.php?rest_route=\/wp\/v2\/posts"}],"about":[{"href":"https:\/\/www.interaccionnoticias.com.mx\/index.php?rest_route=\/wp\/v2\/types\/post"}],"author":[{"embeddable":true,"href":"https:\/\/www.interaccionnoticias.com.mx\/index.php?rest_route=\/wp\/v2\/users\/1"}],"replies":[{"embeddable":true,"href":"https:\/\/www.interaccionnoticias.com.mx\/index.php?rest_route=%2Fwp%2Fv2%2Fcomments&post=2806"}],"version-history":[{"count":0,"href":"https:\/\/www.interaccionnoticias.com.mx\/index.php?rest_route=\/wp\/v2\/posts\/2806\/revisions"}],"wp:attachment":[{"href":"https:\/\/www.interaccionnoticias.com.mx\/index.php?rest_route=%2Fwp%2Fv2%2Fmedia&parent=2806"}],"wp:term":[{"taxonomy":"category","embeddable":true,"href":"https:\/\/www.interaccionnoticias.com.mx\/index.php?rest_route=%2Fwp%2Fv2%2Fcategories&post=2806"},{"taxonomy":"post_tag","embeddable":true,"href":"https:\/\/www.interaccionnoticias.com.mx\/index.php?rest_route=%2Fwp%2Fv2%2Ftags&post=2806"}],"curies":[{"name":"wp","href":"https:\/\/api.w.org\/{rel}","templated":true}]}}