{"id":2803,"date":"2017-03-13T17:35:17","date_gmt":"2017-03-13T23:35:17","guid":{"rendered":"http:\/\/www.inter-accion.com.mx\/?p=2803"},"modified":"2017-03-13T17:35:17","modified_gmt":"2017-03-13T23:35:17","slug":"despiden-a-20-trabajadores-del-ayuntamiento-de-acapulco","status":"publish","type":"post","link":"https:\/\/www.interaccionnoticias.com.mx\/?p=2803","title":{"rendered":"Despiden a 20 trabajadores del Ayuntamiento de Acapulco"},"content":{"rendered":"<p>*En protesta, bloquean el acceso al Palacio Federal<br \/>\n&nbsp;<br \/>\nDurante m\u00e1s de cinco horas, trabajadores del Ayuntamiento de Acapulco que fueron despedidos tomaron los accesos del Palacio Federal e impidieron el ingreso de los trabajadores a las oficinas del municipio.<br \/>\nLos manifestantes exigen la reinstalaci\u00f3n de 20 empleados de lista de raya de diferentes \u00e1reas que fueron dados de baja en forma injustificada por parte de autoridades municipales de la actual administraci\u00f3n.<br \/>\nEl l\u00edder de los trabajadores es de un sindicato que no reconoce la actual administraci\u00f3n, y exigen que los 20 trabajadores de las diferentes \u00e1reas sean reinstalados de inmediato y sin ninguna excusa.<br \/>\n\u201cEs que cada seis meses es lo mismo, este se\u00f1or, Jorge Luis Ochoa Ort\u00edz, tiene una lista de los trabajadores de las diferentes \u00e1reas y quiere que se les reinstale, cuando hay un ajuste de personal en estos momento\u201d, se\u00f1al\u00f3 el director de Recursos Humanos, Cicer\u00f3n N\u00e1jera Romero.<br \/>\nEl funcionario municipal dijo que en la minuta de acuerdos se estableci\u00f3 revisar cada uno de los casos, pero el l\u00edder de esta organizaci\u00f3n se neg\u00f3 de manera terminante y contin\u00faa el bloqueo.<br \/>\nLa protesta y manifestaci\u00f3n la encabezaron empleados agrupados en el Sindicato Aut\u00f3nomo de Servidores P\u00fablicos del Municipio de Acapulco, quienes tomaron el acceso del Palacio Federal desde las ocho de la ma\u00f1ana.<br \/>\nPortaban cartulinas con consignas como: \u201cFuera del Servicio P\u00fablico, funcionarios ineptos\u201d, \u201cRespeto irrestricto al art\u00edculo 123\u201d, \u201cAlto a la violaci\u00f3n de los derechos humanos y por mejores condiciones laborales\u201d, y otra que dec\u00eda \u201cNos dan de baja para cubrir compromisos pol\u00edticos\u201d.<br \/>\nLos manifestantes aseguran que la actual administraci\u00f3n tiene aviadores que perciben salarios m\u00e1s altos que quienes trabajan y a esos no los corren a pesar de que afirman que hay un plan de austeridad.<\/p>\n","protected":false},"excerpt":{"rendered":"<p>*En protesta, bloquean el acceso al Palacio Federal &nbsp; Durante m\u00e1s de cinco horas, trabajadores del Ayuntamiento de Acapulco que fueron despedidos tomaron los accesos del Palacio Federal e impidieron&hellip; <\/p>\n","protected":false},"author":1,"featured_media":0,"comment_status":"open","ping_status":"open","sticky":false,"template":"","format":"standard","meta":{"fifu_image_url":"","fifu_image_alt":"","footnotes":""},"categories":[8,23],"tags":[],"class_list":["post-2803","post","type-post","status-publish","format-standard","hentry","category-featured","category-regionales"],"_links":{"self":[{"href":"https:\/\/www.interaccionnoticias.com.mx\/index.php?rest_route=\/wp\/v2\/posts\/2803","targetHints":{"allow":["GET"]}}],"collection":[{"href":"https:\/\/www.interaccionnoticias.com.mx\/index.php?rest_route=\/wp\/v2\/posts"}],"about":[{"href":"https:\/\/www.interaccionnoticias.com.mx\/index.php?rest_route=\/wp\/v2\/types\/post"}],"author":[{"embeddable":true,"href":"https:\/\/www.interaccionnoticias.com.mx\/index.php?rest_route=\/wp\/v2\/users\/1"}],"replies":[{"embeddable":true,"href":"https:\/\/www.interaccionnoticias.com.mx\/index.php?rest_route=%2Fwp%2Fv2%2Fcomments&post=2803"}],"version-history":[{"count":0,"href":"https:\/\/www.interaccionnoticias.com.mx\/index.php?rest_route=\/wp\/v2\/posts\/2803\/revisions"}],"wp:attachment":[{"href":"https:\/\/www.interaccionnoticias.com.mx\/index.php?rest_route=%2Fwp%2Fv2%2Fmedia&parent=2803"}],"wp:term":[{"taxonomy":"category","embeddable":true,"href":"https:\/\/www.interaccionnoticias.com.mx\/index.php?rest_route=%2Fwp%2Fv2%2Fcategories&post=2803"},{"taxonomy":"post_tag","embeddable":true,"href":"https:\/\/www.interaccionnoticias.com.mx\/index.php?rest_route=%2Fwp%2Fv2%2Ftags&post=2803"}],"curies":[{"name":"wp","href":"https:\/\/api.w.org\/{rel}","templated":true}]}}