{"id":2796,"date":"2017-03-13T15:51:25","date_gmt":"2017-03-13T21:51:25","guid":{"rendered":"http:\/\/www.inter-accion.com.mx\/?p=2796"},"modified":"2017-03-13T15:51:25","modified_gmt":"2017-03-13T21:51:25","slug":"protestan-trabajadores-y-medicos-del-imss-en-acapulco","status":"publish","type":"post","link":"https:\/\/www.interaccionnoticias.com.mx\/?p=2796","title":{"rendered":"Protestan trabajadores y m\u00e9dicos del IMSS en Acapulco"},"content":{"rendered":"<p><img loading=\"lazy\" decoding=\"async\" src=\"data:image\/gif;base64,R0lGODlhAQABAIAAAAAAAP\/\/\/ywAAAAAAQABAAACAUwAOw==\" fifu-lazy=\"1\" fifu-data-sizes=\"auto\" fifu-data-srcset=\"https:\/\/i3.wp.com\/www.inter-accion.com.mx\/wp-content\/uploads\/2017\/03\/IMG-20170313-WA0047.jpg?ssl=1&w=75&resize=75&ssl=1 75w, https:\/\/i3.wp.com\/www.inter-accion.com.mx\/wp-content\/uploads\/2017\/03\/IMG-20170313-WA0047.jpg?ssl=1&w=100&resize=100&ssl=1 100w, https:\/\/i3.wp.com\/www.inter-accion.com.mx\/wp-content\/uploads\/2017\/03\/IMG-20170313-WA0047.jpg?ssl=1&w=150&resize=150&ssl=1 150w, https:\/\/i3.wp.com\/www.inter-accion.com.mx\/wp-content\/uploads\/2017\/03\/IMG-20170313-WA0047.jpg?ssl=1&w=240&resize=240&ssl=1 240w, https:\/\/i3.wp.com\/www.inter-accion.com.mx\/wp-content\/uploads\/2017\/03\/IMG-20170313-WA0047.jpg?ssl=1&w=320&resize=320&ssl=1 320w, https:\/\/i3.wp.com\/www.inter-accion.com.mx\/wp-content\/uploads\/2017\/03\/IMG-20170313-WA0047.jpg?ssl=1&w=500&resize=500&ssl=1 500w, https:\/\/i3.wp.com\/www.inter-accion.com.mx\/wp-content\/uploads\/2017\/03\/IMG-20170313-WA0047.jpg?ssl=1&w=640&resize=640&ssl=1 640w, https:\/\/i3.wp.com\/www.inter-accion.com.mx\/wp-content\/uploads\/2017\/03\/IMG-20170313-WA0047.jpg?ssl=1&w=800&resize=800&ssl=1 800w, https:\/\/i3.wp.com\/www.inter-accion.com.mx\/wp-content\/uploads\/2017\/03\/IMG-20170313-WA0047.jpg?ssl=1&w=1024&resize=1024&ssl=1 1024w, https:\/\/i3.wp.com\/www.inter-accion.com.mx\/wp-content\/uploads\/2017\/03\/IMG-20170313-WA0047.jpg?ssl=1&w=1280&resize=1280&ssl=1 1280w, https:\/\/i3.wp.com\/www.inter-accion.com.mx\/wp-content\/uploads\/2017\/03\/IMG-20170313-WA0047.jpg?ssl=1&w=1600&resize=1600&ssl=1 1600w\" class=\"alignleft size-full wp-image-2797\" fifu-data-src=\"https:\/\/i3.wp.com\/www.inter-accion.com.mx\/wp-content\/uploads\/2017\/03\/IMG-20170313-WA0047.jpg?ssl=1\" alt=\"\" width=\"1280\" height=\"960\"><br \/>\n*Acusan a las autoridades de falta de insumos<br \/>\n*Aseguran que familiares los amenazan por muerte de sus pacientes<br \/>\n&nbsp;Tras el crimen del m\u00e9dico y traumat\u00f3logo del hospital \u00abVicente Guerrero\u00bb del Instituto Mexicano del Seguro Social en el puerto de Acapulco, un grupo de trabajadores y m\u00e9dicos realizaron una protesta en las instalaciones del nosocomio.<br \/>\nAcusan que debido a la falta de insumos (medicamentos, materiales quir\u00fargicos y otros) se mueren los pacientes y los familiares de ellos entran y amenazan con matarlos y levantarlos.<br \/>\n\u00abComo m\u00e9dicos estamos dispuestos a dar la atenci\u00f3n a las personas, pero si no tenemos insumos (los familiares) nos amenazan, nos dicen que nos van a matar, que nos van a balacear, y que nos van a levantar\u00bb, dijo el m\u00e9dico Julio C\u00e9sar R\u00edos \u00c1lvarez.<br \/>\nDijeron que hacen falta muchos insumos para atender a los pacientes y que con m\u00e1s medicamentos se podr\u00edan evitar las amenazas por parte de los familiares de los pacientes.<br \/>\nLa protesta inici\u00f3 desde las 07:30 horas en el acceso principal del Hospital General de Acapulco donde un grupo de m\u00e9dicos, enfermeras, trabajadoras sociales y empleados de las diferentes \u00e1reas colocaron batas blancas con manchas de pintura roja.<br \/>\nAdem\u00e1s de cartulinas con leyendas de \u00abNo m\u00e1s violencia\u00bb y exigen \u00abNi un m\u00e9dico m\u00e1s, ni un residente m\u00e1s, ni una enfermera m\u00e1s \u00ab, en se\u00f1al de reproche por el asesinato del m\u00e9dico H\u00e9ctor Paul Camarera Hern\u00e1ndez.<br \/>\nAl mismo tiempo, la Delegaci\u00f3n del IMSS a trav\u00e9s de su titular Reyes Betancourt Linares, lamenta la muerte del m\u00e9dico y trabajador del hospital y asegura que habr\u00e1 de coadyuvar en las investigaciones del asesinato.<\/p>\n","protected":false},"excerpt":{"rendered":"<p>*Acusan a las autoridades de falta de insumos *Aseguran que familiares los amenazan por muerte de sus pacientes &nbsp;Tras el crimen del m\u00e9dico y traumat\u00f3logo del hospital \u00abVicente Guerrero\u00bb del&hellip; <\/p>\n","protected":false},"author":1,"featured_media":0,"comment_status":"open","ping_status":"open","sticky":false,"template":"","format":"standard","meta":{"fifu_image_url":"","fifu_image_alt":"","footnotes":""},"categories":[8,23],"tags":[],"class_list":["post-2796","post","type-post","status-publish","format-standard","hentry","category-featured","category-regionales"],"_links":{"self":[{"href":"https:\/\/www.interaccionnoticias.com.mx\/index.php?rest_route=\/wp\/v2\/posts\/2796","targetHints":{"allow":["GET"]}}],"collection":[{"href":"https:\/\/www.interaccionnoticias.com.mx\/index.php?rest_route=\/wp\/v2\/posts"}],"about":[{"href":"https:\/\/www.interaccionnoticias.com.mx\/index.php?rest_route=\/wp\/v2\/types\/post"}],"author":[{"embeddable":true,"href":"https:\/\/www.interaccionnoticias.com.mx\/index.php?rest_route=\/wp\/v2\/users\/1"}],"replies":[{"embeddable":true,"href":"https:\/\/www.interaccionnoticias.com.mx\/index.php?rest_route=%2Fwp%2Fv2%2Fcomments&post=2796"}],"version-history":[{"count":0,"href":"https:\/\/www.interaccionnoticias.com.mx\/index.php?rest_route=\/wp\/v2\/posts\/2796\/revisions"}],"wp:attachment":[{"href":"https:\/\/www.interaccionnoticias.com.mx\/index.php?rest_route=%2Fwp%2Fv2%2Fmedia&parent=2796"}],"wp:term":[{"taxonomy":"category","embeddable":true,"href":"https:\/\/www.interaccionnoticias.com.mx\/index.php?rest_route=%2Fwp%2Fv2%2Fcategories&post=2796"},{"taxonomy":"post_tag","embeddable":true,"href":"https:\/\/www.interaccionnoticias.com.mx\/index.php?rest_route=%2Fwp%2Fv2%2Ftags&post=2796"}],"curies":[{"name":"wp","href":"https:\/\/api.w.org\/{rel}","templated":true}]}}