{"id":2790,"date":"2017-03-13T14:16:49","date_gmt":"2017-03-13T20:16:49","guid":{"rendered":"http:\/\/www.inter-accion.com.mx\/?p=2790"},"modified":"2017-03-13T14:16:49","modified_gmt":"2017-03-13T20:16:49","slug":"maestros-aceptan-regresar-a-clases-en-san-miguel-totolapan","status":"publish","type":"post","link":"https:\/\/www.interaccionnoticias.com.mx\/?p=2790","title":{"rendered":"Maestros aceptan regresar a clases en San Miguel Totolapan"},"content":{"rendered":"<p>Aunque aclaran que lo har\u00e1n de manera gradual, pues a\u00fan no se detiene al \u201cTequilero\u201d &nbsp;<br \/>\n&nbsp;<br \/>\nTras reunirse con el titular de la Secretar\u00eda del Migrante, Fabi\u00e1n Morales Marchan, profesores del municipio de San Miguel Totolapan aceptaron regresar a clases de manera gradual, adem\u00e1s de reunirse con el gobernador H\u00e9ctor Astudillo Flores en la semana que inicia.<br \/>\nLa reuni\u00f3n de Morales Marchan con los integrantes del Movimiento Por la Paz, de San Miguel Totolapan y los profesores afectados por la inseguridad en la regi\u00f3n se desarroll\u00f3 en la cancha techada de la cabecera municipal.<br \/>\nTras un dialogo que se prolong\u00f3 durante varias horas, el funcionario logr\u00f3 que los directivos y profesores de planteles afectados por la operaci\u00f3n del grupo delictivo conocido como \u201cLos Tequileros\u201d aceptaran regresar a clases, aunque estos precisaron que el retorno se desarrollar\u00e1 de manera gradual.<br \/>\nEl retorno se plantea de manera pausada, en el entendido de que no podr\u00e1n trabajar en condiciones normales mientras no sea desmantelada la banda de Raybel Jacobo De Almonte, alias \u201cEl Tequilero\u201d.<br \/>\nTambi\u00e9n, los directivos y supervisores aceptaron reunirse con el gobernador del estado, H\u00e9ctor Astudillo flores en el transcurso de la semana que comienza.<br \/>\nHace un par de semanas, el titular de la Secretar\u00eda de Educaci\u00f3n Guerrero (SEG), Jos\u00e9 Luis Gonz\u00e1lez de la Vega &nbsp;Otero estuvo en la cabecera municipal de San Miguel junto con el secretario de Seguridad P\u00fablica, Pedro Almaz\u00e1n Cervantes.<br \/>\nAunque anunciaron el despliegue de 300 elementos de seguridad, entre militares y polic\u00edas del estado, los mentores no aceptaron regresar, argumentando que no hab\u00eda condiciones reales.<br \/>\nAdem\u00e1s de la detenci\u00f3n de \u201cEl Tequilero\u201d, los profesores e integrantes del Movimiento por la Paz, exigen el desafuero del diputado local Sa\u00fal Beltr\u00e1n Orozco, sobre quien pesa una orden de aprehensi\u00f3n por el delito de homicidio calificado.<br \/>\n&nbsp;&nbsp;&nbsp;<\/p>\n","protected":false},"excerpt":{"rendered":"<p>Aunque aclaran que lo har\u00e1n de manera gradual, pues a\u00fan no se detiene al \u201cTequilero\u201d &nbsp; &nbsp; Tras reunirse con el titular de la Secretar\u00eda del Migrante, Fabi\u00e1n Morales Marchan,&hellip; <\/p>\n","protected":false},"author":1,"featured_media":0,"comment_status":"open","ping_status":"open","sticky":false,"template":"","format":"standard","meta":{"fifu_image_url":"","fifu_image_alt":"","footnotes":""},"categories":[6,8],"tags":[],"class_list":["post-2790","post","type-post","status-publish","format-standard","hentry","category-educacion","category-featured"],"_links":{"self":[{"href":"https:\/\/www.interaccionnoticias.com.mx\/index.php?rest_route=\/wp\/v2\/posts\/2790","targetHints":{"allow":["GET"]}}],"collection":[{"href":"https:\/\/www.interaccionnoticias.com.mx\/index.php?rest_route=\/wp\/v2\/posts"}],"about":[{"href":"https:\/\/www.interaccionnoticias.com.mx\/index.php?rest_route=\/wp\/v2\/types\/post"}],"author":[{"embeddable":true,"href":"https:\/\/www.interaccionnoticias.com.mx\/index.php?rest_route=\/wp\/v2\/users\/1"}],"replies":[{"embeddable":true,"href":"https:\/\/www.interaccionnoticias.com.mx\/index.php?rest_route=%2Fwp%2Fv2%2Fcomments&post=2790"}],"version-history":[{"count":0,"href":"https:\/\/www.interaccionnoticias.com.mx\/index.php?rest_route=\/wp\/v2\/posts\/2790\/revisions"}],"wp:attachment":[{"href":"https:\/\/www.interaccionnoticias.com.mx\/index.php?rest_route=%2Fwp%2Fv2%2Fmedia&parent=2790"}],"wp:term":[{"taxonomy":"category","embeddable":true,"href":"https:\/\/www.interaccionnoticias.com.mx\/index.php?rest_route=%2Fwp%2Fv2%2Fcategories&post=2790"},{"taxonomy":"post_tag","embeddable":true,"href":"https:\/\/www.interaccionnoticias.com.mx\/index.php?rest_route=%2Fwp%2Fv2%2Ftags&post=2790"}],"curies":[{"name":"wp","href":"https:\/\/api.w.org\/{rel}","templated":true}]}}