{"id":2775,"date":"2017-03-12T18:38:46","date_gmt":"2017-03-13T00:38:46","guid":{"rendered":"http:\/\/www.inter-accion.com.mx\/?p=2775"},"modified":"2017-03-12T18:38:46","modified_gmt":"2017-03-13T00:38:46","slug":"pide-congreso-local-que-se-emita-la-declaratoria-de-alerta-por-violencia-de-genero-en-guerrero","status":"publish","type":"post","link":"https:\/\/www.interaccionnoticias.com.mx\/?p=2775","title":{"rendered":"Pide Congreso local que se Emita la Declaratoria de Alerta por Violencia de G\u00e9nero en Guerrero"},"content":{"rendered":"<p>* Reprocha que se minimicen los asesinatos contra mujeres<br \/>\n&nbsp;<br \/>\nEl presidente de la Comisi\u00f3n de Seguridad P\u00fablica del Congreso local, Ricardo Mej\u00eda Berdeja solicit\u00f3 que cuanto antes, el gobierno de Guerrero solicite la declaratoria de alerta de g\u00e9nero, por la cantidad de feminicidios que aqu\u00ed se han registrado.<br \/>\nMej\u00eda Berdeja record\u00f3 que el pr\u00f3ximo 12 de marzo vencer\u00e1 el plazo para que el Ejecutivo Estatal presente su informe relacionado con la aplicaci\u00f3n de las 10 recomendaciones de la Conavim, para as\u00ed determinar si se declara o no la alerta de g\u00e9nero en Guerrero.<br \/>\nEl representante popular consider\u00f3 adecuado que la administraci\u00f3n de H\u00e9ctor Astudillo Flores reconozca que hay condiciones para solicitar la declaratoria de la alerta de violencia de g\u00e9nero.<br \/>\nRecord\u00f3 que dicho mecanismo permite el flujo de recursos y apoyos interinstitucionales, como una manera para poder enfrentar la situaci\u00f3n que se vive en materia de cr\u00edmenes de genero.<br \/>\nCritic\u00f3 que se diga que no se trata propiamente feminicidios, sino que en muchos casos se refiera solo a los asesinatos u homicidios cometidos en contra de mujeres.<br \/>\nMej\u00eda Berdeja sostuvo que el Grupo Parlamentario de Movimiento Ciudadano (MC), en su momento present\u00f3 ante el pleno del Congreso local, un punto de acuerdo parlamentario a fin de que se declare la alerta de g\u00e9nero en Guerrero.<br \/>\nIndic\u00f3, que la mejor manera de reconstruir la imagen y la buena promoci\u00f3n del estado, es permitiendo que se pueda apreciar que autoridades y todos los sectores estamos comprometidos en resolver los problemas, no en ocultarlos.<br \/>\n\u201cHay que decirle a las cosas por su nombre; en Guerrero la violencia e inseguridad se han apoderado de la entidad, prueba de ello son los m\u00faltiples asesinatos a las mujeres\u201d, asever\u00f3.<br \/>\nInsisti\u00f3 en que Guerrero se necesita de manera urgente la Declaratoria de la Alerta de Violencia de Genero, por los altos \u00edndices de feminicidios que se tiene registrados en municipios como Acapulco, Iguala, Chilpancingo, Zihuatanejo, Coyuca de Catal\u00e1n, Ometepec, Tlapa y Ayutla de los Libres, por mencionar algunos.<\/p>\n","protected":false},"excerpt":{"rendered":"<p>* Reprocha que se minimicen los asesinatos contra mujeres &nbsp; El presidente de la Comisi\u00f3n de Seguridad P\u00fablica del Congreso local, Ricardo Mej\u00eda Berdeja solicit\u00f3 que cuanto antes, el gobierno&hellip; <\/p>\n","protected":false},"author":1,"featured_media":0,"comment_status":"open","ping_status":"open","sticky":false,"template":"","format":"standard","meta":{"fifu_image_url":"","fifu_image_alt":"","footnotes":""},"categories":[2,8],"tags":[],"class_list":["post-2775","post","type-post","status-publish","format-standard","hentry","category-congreso","category-featured"],"_links":{"self":[{"href":"https:\/\/www.interaccionnoticias.com.mx\/index.php?rest_route=\/wp\/v2\/posts\/2775","targetHints":{"allow":["GET"]}}],"collection":[{"href":"https:\/\/www.interaccionnoticias.com.mx\/index.php?rest_route=\/wp\/v2\/posts"}],"about":[{"href":"https:\/\/www.interaccionnoticias.com.mx\/index.php?rest_route=\/wp\/v2\/types\/post"}],"author":[{"embeddable":true,"href":"https:\/\/www.interaccionnoticias.com.mx\/index.php?rest_route=\/wp\/v2\/users\/1"}],"replies":[{"embeddable":true,"href":"https:\/\/www.interaccionnoticias.com.mx\/index.php?rest_route=%2Fwp%2Fv2%2Fcomments&post=2775"}],"version-history":[{"count":0,"href":"https:\/\/www.interaccionnoticias.com.mx\/index.php?rest_route=\/wp\/v2\/posts\/2775\/revisions"}],"wp:attachment":[{"href":"https:\/\/www.interaccionnoticias.com.mx\/index.php?rest_route=%2Fwp%2Fv2%2Fmedia&parent=2775"}],"wp:term":[{"taxonomy":"category","embeddable":true,"href":"https:\/\/www.interaccionnoticias.com.mx\/index.php?rest_route=%2Fwp%2Fv2%2Fcategories&post=2775"},{"taxonomy":"post_tag","embeddable":true,"href":"https:\/\/www.interaccionnoticias.com.mx\/index.php?rest_route=%2Fwp%2Fv2%2Ftags&post=2775"}],"curies":[{"name":"wp","href":"https:\/\/api.w.org\/{rel}","templated":true}]}}