{"id":2739,"date":"2017-03-10T13:50:15","date_gmt":"2017-03-10T19:50:15","guid":{"rendered":"http:\/\/www.inter-accion.com.mx\/?p=2739"},"modified":"2017-03-10T13:50:15","modified_gmt":"2017-03-10T19:50:15","slug":"pondran-en-marcha-dispositivo-de-seguridad-especial-para-la-ruta-que-se-disputan-rojos-y-ardillos","status":"publish","type":"post","link":"https:\/\/www.interaccionnoticias.com.mx\/?p=2739","title":{"rendered":"Pondr\u00e1n en marcha dispositivo de seguridad especial para la ruta que se disputan Rojos y Ardillos"},"content":{"rendered":"<p>De Chilpancingo a Chilapa &nbsp;<br \/>\nPersonal del Ej\u00e9rcito Mexicano y de la polic\u00eda estatal pondr\u00e1n en marcha desde este fin de semana un operativo especial en el corredor que une a la regi\u00f3n Centro con la Monta\u00f1a baja de Guerrero, en donde la violencia del crimen organizado ha dejado por lo menos 11 personas desmembradas durante las \u00faltimas 48 horas.<br \/>\nRoberto Alvarez Heredia, vocero oficial del Grupo de Coordinaci\u00f3n Guerrero (GCG), inform\u00f3 que el corredor integrado por los municipios de Chilpancingo, Zumpango, Tixtla, Chilapa y Zitlala, es considerado como un punto de atenci\u00f3n prioritario para el gobierno estatal y la federaci\u00f3n.<br \/>\nSostuvo que se trata de una zona en la que por lo menos dos grupos delictivos \u2013Rojos y Ardillos- protagonizan una pugna intensa por el control de la ruta para la siembra y trasiego de amapola, principalmente<br \/>\nEsa confrontaci\u00f3n, reconoci\u00f3 que \u201cha rebasado los l\u00edmites en cuanto a la ferocidad y la crueldad con la que han actuado\u201d ambas organizaciones delictivas.<br \/>\nDestac\u00f3 que ya el gobernador H\u00e9ctor Astudillo Flores ha manifestado su inter\u00e9s por regresar la tranquilidad a dicho corredor, que es paso obligado para quienes de la capital de Guerrero pretenden llegar hacia la regi\u00f3n Monta\u00f1a.<br \/>\nNo descart\u00f3 la posibilidad de que en dicha ruta se implementen filtros de revisi\u00f3n conjunta entre los cuerpos de seguridad, tanto del estado como de la federaci\u00f3n, aunque tambi\u00e9n se\u00f1al\u00f3 que la ubicaci\u00f3n de los mismos se puede manejar como una informaci\u00f3n clasificada, para no alertar de manera innecesaria a los delincuentes.<br \/>\nAunque se ha&nbsp;confirmado la participaci\u00f3n de personal de la&nbsp;Secretar\u00eda de la Defensa Nacional (Sedena), el&nbsp;dato de&nbsp;cuantos militares estar\u00e1n en la vigilancia se mantiene bajo reserva.<br \/>\n&nbsp;<\/p>\n","protected":false},"excerpt":{"rendered":"<p>De Chilpancingo a Chilapa &nbsp; Personal del Ej\u00e9rcito Mexicano y de la polic\u00eda estatal pondr\u00e1n en marcha desde este fin de semana un operativo especial en el corredor que une&hellip; <\/p>\n","protected":false},"author":1,"featured_media":0,"comment_status":"open","ping_status":"open","sticky":false,"template":"","format":"standard","meta":{"fifu_image_url":"","fifu_image_alt":"","footnotes":""},"categories":[8,27],"tags":[],"class_list":["post-2739","post","type-post","status-publish","format-standard","hentry","category-featured","category-seguridad-publica"],"_links":{"self":[{"href":"https:\/\/www.interaccionnoticias.com.mx\/index.php?rest_route=\/wp\/v2\/posts\/2739","targetHints":{"allow":["GET"]}}],"collection":[{"href":"https:\/\/www.interaccionnoticias.com.mx\/index.php?rest_route=\/wp\/v2\/posts"}],"about":[{"href":"https:\/\/www.interaccionnoticias.com.mx\/index.php?rest_route=\/wp\/v2\/types\/post"}],"author":[{"embeddable":true,"href":"https:\/\/www.interaccionnoticias.com.mx\/index.php?rest_route=\/wp\/v2\/users\/1"}],"replies":[{"embeddable":true,"href":"https:\/\/www.interaccionnoticias.com.mx\/index.php?rest_route=%2Fwp%2Fv2%2Fcomments&post=2739"}],"version-history":[{"count":0,"href":"https:\/\/www.interaccionnoticias.com.mx\/index.php?rest_route=\/wp\/v2\/posts\/2739\/revisions"}],"wp:attachment":[{"href":"https:\/\/www.interaccionnoticias.com.mx\/index.php?rest_route=%2Fwp%2Fv2%2Fmedia&parent=2739"}],"wp:term":[{"taxonomy":"category","embeddable":true,"href":"https:\/\/www.interaccionnoticias.com.mx\/index.php?rest_route=%2Fwp%2Fv2%2Fcategories&post=2739"},{"taxonomy":"post_tag","embeddable":true,"href":"https:\/\/www.interaccionnoticias.com.mx\/index.php?rest_route=%2Fwp%2Fv2%2Ftags&post=2739"}],"curies":[{"name":"wp","href":"https:\/\/api.w.org\/{rel}","templated":true}]}}