{"id":2701,"date":"2017-03-09T17:43:43","date_gmt":"2017-03-09T23:43:43","guid":{"rendered":"http:\/\/www.inter-accion.com.mx\/?p=2701"},"modified":"2017-03-09T17:43:43","modified_gmt":"2017-03-09T23:43:43","slug":"snte-pide-a-representados-recolectar-nueve-millones-de-firmas","status":"publish","type":"post","link":"https:\/\/www.interaccionnoticias.com.mx\/?p=2701","title":{"rendered":"SNTE pide a representados recolectar nueve millones de firmas"},"content":{"rendered":"<p>*Advierten la privatizaci\u00f3n de la educaci\u00f3n en M\u00e9xico<br \/>\n&nbsp;<br \/>\nAcapulco, Gro.- Ante la presentaci\u00f3n del nuevo modelo educativo, por parte de Aurelio Nu\u00f1o, titular de la SEP, y la presunta privatizaci\u00f3n de la educaci\u00f3n, representantes gremiales de la Secci\u00f3n XIV del SNTE en Guerrero, participan recolectando nueve millones de firmas en el pa\u00eds.<br \/>\n\u201cEl comit\u00e9 ejecutivo nacional que encabeza Juan D\u00edaz de la Torre, ha instruido a todos los comit\u00e9s del SNTE, para dar la batalla para recabar nueve millones de firmas para parar la iniciativa del presidente (Enrique Pe\u00f1a Nieto). Se est\u00e1 filtrando (\u2026) las versiones de que se va a presentar una nueva iniciativa.<br \/>\n\u201cCon el argumento de un nuevo modelo educativo, ah\u00ed podr\u00eda decir, iniciativa preferente del presidente de la Rep\u00fablica, env\u00eda modificaciones al art\u00edculo tercero Constitucional, que cumple 100 a\u00f1os de haber sido promulgado; el sindicato de Trabajadores de la Educaci\u00f3n est\u00e1 listo para darle la batalla en el caso de presentarse una iniciativa privatizadora de la educaci\u00f3n\u201d, dijo Miguel Guzm\u00e1n Contreras, representante sindical del CBTIS 14 en la entidad. &nbsp;<br \/>\nEn conferencia de prensa, representantes sindicales dijeron que se trata de una actividad preventiva ante la posibilidad del nuevo modelo educativo que presentar\u00e1 el titular de la SEP, Nu\u00f1o Mayer.<br \/>\nDetallaron que desde hace 15 d\u00edas maestros y representantes de la secci\u00f3n XIV del SNTE, ya han entregado los formatos a docentes y padres de familia para recabar firmas y ser\u00e1 tema a tratar en la convenci\u00f3n estatal del 22 y 23 de marzo en el puerto de Zihuatanejo, donde se renovar\u00e1 la dirigencia estatal.<br \/>\nEn la conferencia los representantes gremiales expresaron su apoyo a Rub\u00e9n M\u00e9ndez R\u00edos para que lidere la dirigencia de la secci\u00f3n XIV en la entidad, que habr\u00e1 de resolverse en la convenci\u00f3n estatal.<\/p>\n","protected":false},"excerpt":{"rendered":"<p>*Advierten la privatizaci\u00f3n de la educaci\u00f3n en M\u00e9xico &nbsp; Acapulco, Gro.- Ante la presentaci\u00f3n del nuevo modelo educativo, por parte de Aurelio Nu\u00f1o, titular de la SEP, y la presunta&hellip; <\/p>\n","protected":false},"author":1,"featured_media":0,"comment_status":"open","ping_status":"open","sticky":false,"template":"","format":"standard","meta":{"fifu_image_url":"","fifu_image_alt":"","footnotes":""},"categories":[6,8],"tags":[],"class_list":["post-2701","post","type-post","status-publish","format-standard","hentry","category-educacion","category-featured"],"_links":{"self":[{"href":"https:\/\/www.interaccionnoticias.com.mx\/index.php?rest_route=\/wp\/v2\/posts\/2701","targetHints":{"allow":["GET"]}}],"collection":[{"href":"https:\/\/www.interaccionnoticias.com.mx\/index.php?rest_route=\/wp\/v2\/posts"}],"about":[{"href":"https:\/\/www.interaccionnoticias.com.mx\/index.php?rest_route=\/wp\/v2\/types\/post"}],"author":[{"embeddable":true,"href":"https:\/\/www.interaccionnoticias.com.mx\/index.php?rest_route=\/wp\/v2\/users\/1"}],"replies":[{"embeddable":true,"href":"https:\/\/www.interaccionnoticias.com.mx\/index.php?rest_route=%2Fwp%2Fv2%2Fcomments&post=2701"}],"version-history":[{"count":0,"href":"https:\/\/www.interaccionnoticias.com.mx\/index.php?rest_route=\/wp\/v2\/posts\/2701\/revisions"}],"wp:attachment":[{"href":"https:\/\/www.interaccionnoticias.com.mx\/index.php?rest_route=%2Fwp%2Fv2%2Fmedia&parent=2701"}],"wp:term":[{"taxonomy":"category","embeddable":true,"href":"https:\/\/www.interaccionnoticias.com.mx\/index.php?rest_route=%2Fwp%2Fv2%2Fcategories&post=2701"},{"taxonomy":"post_tag","embeddable":true,"href":"https:\/\/www.interaccionnoticias.com.mx\/index.php?rest_route=%2Fwp%2Fv2%2Ftags&post=2701"}],"curies":[{"name":"wp","href":"https:\/\/api.w.org\/{rel}","templated":true}]}}