{"id":2694,"date":"2017-03-09T17:27:13","date_gmt":"2017-03-09T23:27:13","guid":{"rendered":"http:\/\/www.inter-accion.com.mx\/?p=2694"},"modified":"2017-03-09T17:27:13","modified_gmt":"2017-03-09T23:27:13","slug":"en-abandono-escuela-primaria-bilingue-localizada-en-la-capital-guerrerense","status":"publish","type":"post","link":"https:\/\/www.interaccionnoticias.com.mx\/?p=2694","title":{"rendered":"En abandono escuela primaria biling\u00fce, localizada en la capital guerrerense"},"content":{"rendered":"<p style=\"text-align: left;\">Una escuela primaria biling\u00fce, perteneciente a la comunidad ind\u00edgena popular Emperador Cuauht\u00e9moc, permanece en el abandono de la Secretar\u00eda de Educaci\u00f3n Guerrero (SEG), desde hace 10 a\u00f1os cuando comenz\u00f3 a operar.<br \/>\nLa Escuela Primaria Biling\u00fce &#8216;Tl\u00e1loc&#8217;, se ubica al sur de la capital, entre Chilpancingo y Petaquillas, pero a pesar de la cercan\u00eda que existe con la mancha urbana, no cuenta con suministro de agua potable, red de drenaje, ni salones de concreto.<br \/>\nSeg\u00fan Amador Cort\u00e9s Robles, uno de los representantes de la comunidad ind\u00edgena, se\u00f1al\u00f3 que actualmente la petici\u00f3n del comit\u00e9 de padres de familia, por encima de la remodelaci\u00f3n de la escuela, es que la Direcci\u00f3n General de Administraci\u00f3n de Personal de la SEG, de certidumbre laboral a dos maestras que imparten clases en esa instituci\u00f3n y que desde hace 7 meses no se les reconoce como docentes.<br \/>\nLos nombres de las dos maestras, son Flor de Liz Capistrano V\u00e1zquez y Flavia Cant\u00fa, que junto con Hip\u00f3lito Hern\u00e1ndez Ogendis, imparten clases de multigrado a 56 alumnos.<br \/>\nSeg\u00fan Cort\u00e9s Robledo, en los 10 a\u00f1os de funcionamiento de la instituci\u00f3n, las autoridades educativas se han negado a realizar mejoras a las instalaciones, puesto que no cuenta con una clave de centro de trabajo.<br \/>\nLos alumnos obtuvieron por \u00faltima vez un paquete de uniforme gratuito, del gobierno que preside H\u00e9ctor Astudillo Flores, pero las prendas tuvieron que ser ajustadas por los padres de familia, porque las tallas no coincid\u00edan con la edad de los menores.<br \/>\nEsa comunidad ind\u00edgena, la conforman habitantes provenientes de poblados como Malinaltepec, Acatepec, Ayutla y Chilapa.<\/p>\n","protected":false},"excerpt":{"rendered":"<p>Una escuela primaria biling\u00fce, perteneciente a la comunidad ind\u00edgena popular Emperador Cuauht\u00e9moc, permanece en el abandono de la Secretar\u00eda de Educaci\u00f3n Guerrero (SEG), desde hace 10 a\u00f1os cuando comenz\u00f3 a&hellip; <\/p>\n","protected":false},"author":1,"featured_media":0,"comment_status":"open","ping_status":"open","sticky":false,"template":"","format":"standard","meta":{"fifu_image_url":"","fifu_image_alt":"","footnotes":""},"categories":[6,8],"tags":[],"class_list":["post-2694","post","type-post","status-publish","format-standard","hentry","category-educacion","category-featured"],"_links":{"self":[{"href":"https:\/\/www.interaccionnoticias.com.mx\/index.php?rest_route=\/wp\/v2\/posts\/2694","targetHints":{"allow":["GET"]}}],"collection":[{"href":"https:\/\/www.interaccionnoticias.com.mx\/index.php?rest_route=\/wp\/v2\/posts"}],"about":[{"href":"https:\/\/www.interaccionnoticias.com.mx\/index.php?rest_route=\/wp\/v2\/types\/post"}],"author":[{"embeddable":true,"href":"https:\/\/www.interaccionnoticias.com.mx\/index.php?rest_route=\/wp\/v2\/users\/1"}],"replies":[{"embeddable":true,"href":"https:\/\/www.interaccionnoticias.com.mx\/index.php?rest_route=%2Fwp%2Fv2%2Fcomments&post=2694"}],"version-history":[{"count":0,"href":"https:\/\/www.interaccionnoticias.com.mx\/index.php?rest_route=\/wp\/v2\/posts\/2694\/revisions"}],"wp:attachment":[{"href":"https:\/\/www.interaccionnoticias.com.mx\/index.php?rest_route=%2Fwp%2Fv2%2Fmedia&parent=2694"}],"wp:term":[{"taxonomy":"category","embeddable":true,"href":"https:\/\/www.interaccionnoticias.com.mx\/index.php?rest_route=%2Fwp%2Fv2%2Fcategories&post=2694"},{"taxonomy":"post_tag","embeddable":true,"href":"https:\/\/www.interaccionnoticias.com.mx\/index.php?rest_route=%2Fwp%2Fv2%2Ftags&post=2694"}],"curies":[{"name":"wp","href":"https:\/\/api.w.org\/{rel}","templated":true}]}}