{"id":2685,"date":"2017-03-08T19:27:23","date_gmt":"2017-03-09T01:27:23","guid":{"rendered":"http:\/\/www.inter-accion.com.mx\/?p=2685"},"modified":"2017-03-08T19:27:23","modified_gmt":"2017-03-09T01:27:23","slug":"coddehum-el-periodista-cecilio-pineda-tuvo-medidas-cautelares-desde-que-sufrio-el-primer-atentado","status":"publish","type":"post","link":"https:\/\/www.interaccionnoticias.com.mx\/?p=2685","title":{"rendered":"Coddehum: el periodista Cecilio Pineda tuvo medidas cautelares desde que sufri\u00f3 el primer atentado"},"content":{"rendered":"<p>Ignoraban la invitaci\u00f3n a que abandonara el estado<br \/>\n&nbsp;<br \/>\nEl presidente de la Comisi\u00f3n Estatal de Derechos Humanos (Coddehum), Ram\u00f3n Navarrete Magdaleno sostuvo que al periodista Cecilio Pineda Birto se le asignaron medidas cautelares desde que sufri\u00f3 el primer atentado, aunque desconoc\u00eda si recibi\u00f3 la invitaci\u00f3n a salir de la entidad, ya que por seguridad, el comunicador ten\u00eda una comunicaci\u00f3n directa con el gobierno federal.<br \/>\nNavarrete Magdaleno coment\u00f3 que desde 2015, cuando Pineda Birto sufri\u00f3 un primer ataque a balazos, la comisi\u00f3n a su cargo inici\u00f3 un expediente de manera oficiosa, ya que por razones obvias el periodista no estaba localizable.<br \/>\nDerechos Humanos de Guerrero solicit\u00f3 las medidas cautelares para Pineda Birto al gobierno estatal, lo que reconoci\u00f3, se atendi\u00f3 de inmediato.<br \/>\nUna vez que se asignan las medidas cautelares, explic\u00f3 que lo que sigue es la comunicaci\u00f3n directa entre el estado y el periodista afectado.<br \/>\nDespu\u00e9s dijo que Cecilio tuvo comunicaci\u00f3n con el delegado de la Coddehum en Tierra Caliente, al que inform\u00f3 que solicitar\u00eda que se le incorporara al sistema de Protecci\u00f3n que existe en el Gobierno de la Rep\u00fablica.<br \/>\nEn la federaci\u00f3n tambi\u00e9n le concedieron una medida cautelar, raz\u00f3n por la que relev\u00f3 al equipo de resguardo que lo proteg\u00eda por parte del gobierno estatal.<br \/>\nComo a partir de que se asignan las medidas se establece una comunicaci\u00f3n directa entre el beneficiado y la instancia que otorga el resguardo, en el nivel estatal no se tuvo comunicaci\u00f3n del momento en que se retiraron las medidas cautelares.<br \/>\nEn todo caso, destac\u00f3 que es la instancia de la Secretar\u00eda de Gobernaci\u00f3n federal, encargada de atender los agravios a periodistas, es la que tiene certeza sobre lo que sucedi\u00f3 con las medidas cautelares otorgadas a Cecilio Pineda Birto.<br \/>\nDe hecho, dijo que en el nivel estatal no se ten\u00eda conocimiento de que existiera una invitaci\u00f3n al periodista para que abandonara Guerrero, particularmente la regi\u00f3n de la Tierra Caliente.<\/p>\n","protected":false},"excerpt":{"rendered":"<p>Ignoraban la invitaci\u00f3n a que abandonara el estado &nbsp; El presidente de la Comisi\u00f3n Estatal de Derechos Humanos (Coddehum), Ram\u00f3n Navarrete Magdaleno sostuvo que al periodista Cecilio Pineda Birto se&hellip; <\/p>\n","protected":false},"author":1,"featured_media":0,"comment_status":"open","ping_status":"open","sticky":false,"template":"","format":"standard","meta":{"fifu_image_url":"","fifu_image_alt":"","footnotes":""},"categories":[8,15],"tags":[],"class_list":["post-2685","post","type-post","status-publish","format-standard","hentry","category-featured","category-movimientos-sociales"],"_links":{"self":[{"href":"https:\/\/www.interaccionnoticias.com.mx\/index.php?rest_route=\/wp\/v2\/posts\/2685","targetHints":{"allow":["GET"]}}],"collection":[{"href":"https:\/\/www.interaccionnoticias.com.mx\/index.php?rest_route=\/wp\/v2\/posts"}],"about":[{"href":"https:\/\/www.interaccionnoticias.com.mx\/index.php?rest_route=\/wp\/v2\/types\/post"}],"author":[{"embeddable":true,"href":"https:\/\/www.interaccionnoticias.com.mx\/index.php?rest_route=\/wp\/v2\/users\/1"}],"replies":[{"embeddable":true,"href":"https:\/\/www.interaccionnoticias.com.mx\/index.php?rest_route=%2Fwp%2Fv2%2Fcomments&post=2685"}],"version-history":[{"count":0,"href":"https:\/\/www.interaccionnoticias.com.mx\/index.php?rest_route=\/wp\/v2\/posts\/2685\/revisions"}],"wp:attachment":[{"href":"https:\/\/www.interaccionnoticias.com.mx\/index.php?rest_route=%2Fwp%2Fv2%2Fmedia&parent=2685"}],"wp:term":[{"taxonomy":"category","embeddable":true,"href":"https:\/\/www.interaccionnoticias.com.mx\/index.php?rest_route=%2Fwp%2Fv2%2Fcategories&post=2685"},{"taxonomy":"post_tag","embeddable":true,"href":"https:\/\/www.interaccionnoticias.com.mx\/index.php?rest_route=%2Fwp%2Fv2%2Ftags&post=2685"}],"curies":[{"name":"wp","href":"https:\/\/api.w.org\/{rel}","templated":true}]}}