{"id":26827,"date":"2019-08-05T17:57:38","date_gmt":"2019-08-05T22:57:38","guid":{"rendered":"http:\/\/www.inter-accion.com.mx\/?p=26827"},"modified":"2019-08-05T17:57:38","modified_gmt":"2019-08-05T22:57:38","slug":"las-barricadas-de-corral-de-piedra-2","status":"publish","type":"post","link":"https:\/\/www.interaccionnoticias.com.mx\/?p=26827","title":{"rendered":"Las barricadas de Corral de Piedra"},"content":{"rendered":"<p><strong>Entre parcelas y una telesecundaria, la zona en que muri\u00f3 Juan Castillo G\u00f3mez, \u201cEl Teniente\u201d <\/strong><br \/>\n<strong>Las diez horas de enfrentamiento que debilitaron al grupo de Santiago Mazari \u201cEl Carrete\u201d<\/strong><br \/>\nEl patio trasero de la telesecundaria Leona Vicario, as\u00ed como las parcelas ubicadas a la entrada de Corral de Piedra, municipio de Leonardo Bravo, fueron utilizadas por Ignacio Mazari Hern\u00e1ndez \u201cEl Carrete\u201d y su compadre, Juan Castillo G\u00f3mez, \u201cEl Teniente\u201d como parapetos para enfrentar a sus oponentes del Frente Unido de Polic\u00edas Comunitarias del Estado de Guerrero (FUPCEG), la jornada del martes 30 de julio.<br \/>\nEl enfrentamiento, de acuerdo con los pobladores dur\u00f3 m\u00e1s de diez horas, comenz\u00f3 alrededor de las nueve de la ma\u00f1ana y termin\u00f3 despu\u00e9s de las siete de la noche, tiempo en el que permanecieron encerrados en sus casas, mientras en las orillas de la localidad, ubicada en la parte alta de la Sierra la balacera prevalec\u00eda de manera incesante.<br \/>\nAunque solo se report\u00f3 una muerte, que es la de Juan Castillo G\u00f3mez, \u201cEl Teniente\u201d, en la confrontaci\u00f3n se utilizaron calibres pesados, lo que se confirma con el hallazgo en la zona de cartuchos percutidos de AR-15, AK-47 y calibre 50.<br \/>\nAunque no se detonaron, en la parte baja de las parcelas se colocaron algunas granadas cuya espoleta estaba sujeta con cordones de pl\u00e1stico muy delgados y resistentes, los cuales se quedaron sin detonar y hasta la jornada del s\u00e1bado 3 de agosto, los lugare\u00f1os ped\u00edan que fueran desactivadas por personal del Ej\u00e9rcito Mexicano, pues tem\u00edan que al manipularlas se activaran y la consecuencia fuera una tragedia innecesaria.<br \/>\nEn lo que hacen hincapi\u00e9, es que ninguno de los habitantes estuvo involucrada en el tiroteo, prueba de ello es que no hay reportes de personas desaparecidas y de los 112 desplazados que report\u00f3 el Gobierno estatal, ninguno es de la zona, todos son de otros pueblos y en algunos casos, de otras partes del pa\u00eds.<br \/>\n\u201cAqu\u00ed solamente se toparon, unos iban para abajo y otros quer\u00edan subir, se tuvieron frente a frente y pues se agarraron a balazos, la gente del pueblo se encerr\u00f3 en sus casas\u201d, dice uno de los hombres que acompa\u00f1aron un peque\u00f1o recorrido por las parcelas, callejones y barricadas en que se desarroll\u00f3 la confrontaci\u00f3n.<br \/>\n<strong>Se tuvieron frente a frente durante 24 horas<\/strong><br \/>\nLas calles de Corral de Piedra en su mayor\u00eda est\u00e1n pavimentadas, aunque son muy estrechas y la mayor\u00eda de sus viviendas permanecen cerradas, cada que se escucha el motor de alg\u00fan veh\u00edculo los jefes de familia se asoman a puertas y ventanas, observan quienes circulan y posteriormente se encierran.<br \/>\nLa ma\u00f1ana del s\u00e1bado 3 de agosto, un peque\u00f1o grupo de varones se organiz\u00f3 para plantarse sobre la carretera que llega de Villa X\u00f3chilt, lugar en donde fue detenido \u201cEl Carrete\u201d y pararlos para solicitarles el apoyo, sin embargo, al menos ese d\u00eda no tuvieron suerte porque militares y polic\u00edas pasaron de largo.<br \/>\n\u201cVimos un convoy, les hicimos la se\u00f1al de que necesit\u00e1bamos el apoyo pero se fueron, al parecer llevaban detenidos y los iban resguardando\u201d, se\u00f1ala uno de los organizadores del grupo.<br \/>\nEl hombre delgado, de aproximados 30 a\u00f1os sostiene que si bien la balacera se desat\u00f3 el martes por la ma\u00f1ana, los grupos antag\u00f3nicos estuvieron frente a frente por espacio de 24 horas, desde la ma\u00f1ana del lunes 29 de julio.<br \/>\n\u201cNosotros hicimos el llamado para que las autoridades vinieran e impidieran lo que pas\u00f3, por medio del Facebook les dijimos que hab\u00eda mucha gente armada y que no eran de aqu\u00ed, nadie nos hizo caso y despu\u00e9s, en las primeras horas del martes cortaron la luz, nos incomunicaron y comenz\u00f3 el enfrentamiento. Lo \u00fanico que pudimos hacer fue encerrarnos en nuestras casas y esperar a que todo terminara\u201d.<br \/>\nInsiste: \u201cNinguno de los que se agarraron a balazos era de aqu\u00ed, todos llegaron de fuera, unos de la parte alta y otros de abajo, aqu\u00ed se toparon y pues se dispararon con todo\u201d.<br \/>\n<strong>Zona de barricadas, donde muri\u00f3 \u201cEl Teniente\u201d<\/strong><br \/>\nEn el patio trasero de la telesecundaria Leona Vicario, los pistoleros que dirig\u00edan Santiago Mazari y Juan Castillo levantaron varias barricadas, desmontaron algunos corrales de piedra y prepararon sus protecciones.<br \/>\nEn dos de ellas, colocadas a espaldas de la direcci\u00f3n se observaron casquillos percutidos de AK-47. AR-15 y calibre 50.<br \/>\n\u201cSe tiraron con todo\u201d, dicen los j\u00f3venes que acompa\u00f1an el recorrido de los reporteros, mientras muestran el enorme casquillo de un calibre 50, el cual comparan con un pedazo de carrizo.<br \/>\nDentro de las barricadas de piedra se observan residuos de comida enlatada, platos de unicel, cajetillas de cigarro, electrolitos y algunas latas de cerveza, prueba de que el resguardo se prepar\u00f3 con antelaci\u00f3n.<br \/>\nIntegrantes del Frente de Polic\u00edas Comunitarias del Estado de Guerrero (FPCEG) sostienen que Juan Castillo y dos de su grupo de combatientes cercanos cayeron abatidos muy cerca de las canchas de la telesecundaria, pero los habitantes del lugar no se animan a confirmar la versi\u00f3n, ellos reiteran que durante los enfrentamientos permanecieron encerrados en sus casas.<br \/>\nSalvador Alan\u00eds, coordinador del FUPCEG se\u00f1ala que sus compa\u00f1eros han confirmado que al Teniente y sus dos compa\u00f1eros abatidos los subieron a una camioneta y se los llevaron rumbo a la parte alta de la Sierra.<br \/>\nDel hecho no hay videos ni fotograf\u00edas.<br \/>\n<strong>Granadas en las parcelas<\/strong><br \/>\nA Juan Castillo G\u00f3mez, el coordinador del FUPCEG lo recuerda como un experto en el manejo de todo tipo de armas.<br \/>\n\u201cConoc\u00eda lo mejor y lo m\u00e1s actual en armamento, era un excelente francotirador\u201d, se\u00f1ala Salvador Alan\u00eds Trujillo.<br \/>\nLa descripci\u00f3n se confirma con un hallazgo que gener\u00f3 temor entre los habitantes de Corral de Piedra, quienes una vez terminado el enfrentamiento recorrieron la zona de as balaceras y se toparon con un cord\u00f3n color azul que pend\u00eda desde lo alto de una construcci\u00f3n en obra negra, que se ubicaba en la parte alta de una parcela dedicada a la siembra de aguacate.<br \/>\nAl darle seguimiento al cord\u00f3n, en una pendiente de aproximados 200 metros localizaron que este se encontraba afianzado a la espoleta de una granada, la cual estaba cubierta solo con una bolsa de pl\u00e1stico.<br \/>\nLos pistoleros encabezados por \u201cEl teniente\u201d y \u201cEl Carrete\u201d pudieron jalar del cord\u00f3n, activar la granada y generar estragos entre las filas de sus oponentes para frenar su avance, sin embargo, por alguna raz\u00f3n el artefacto explosivo no fue detonado.<br \/>\nLas familias de la comunidad desconocen si hay m\u00e1s granadas \u201csembradas\u201d en la parte baja de sus parcelas, por eso piden que sean expertos de la Sedena los que vayan a realizar un trabajo de revisi\u00f3n y desactiven o retiren lo que represente peligro.<br \/>\n<strong>Pueblo semivac\u00edo<\/strong><br \/>\nLas calles estrechas y empinadas de Corral de Piedra lucen casi vac\u00edas, son muy pocos los ni\u00f1os que se observan jugando en las calles.<br \/>\nHasta la tarde del s\u00e1bado 3 de agosto personal de la Comisi\u00f3n Federal de Electricidad (CFE) hac\u00eda lo necesario para reinstalar el servicio de energ\u00eda el\u00e9ctrica, para as\u00ed evitar que la comunidad siguiera en penumbras.<br \/>\nHasta hace algunos a\u00f1os Corral de Piedra estaba habitado por alrededor de 800 personas, sin embargo, la crisis generada por la ca\u00edda en los precios de la amapola, m\u00e1s la agitaci\u00f3n generada por la violencia, provoc\u00f3 que a estas alturas la poblaci\u00f3n est\u00e9 reducida a la mitad.<\/p>\n","protected":false},"excerpt":{"rendered":"<p>Entre parcelas y una telesecundaria, la zona en que muri\u00f3 Juan Castillo G\u00f3mez, \u201cEl Teniente\u201d Las diez horas de enfrentamiento que debilitaron al grupo de Santiago Mazari \u201cEl Carrete\u201d El&hellip; <\/p>\n","protected":false},"author":1,"featured_media":0,"comment_status":"closed","ping_status":"closed","sticky":false,"template":"","format":"standard","meta":{"fifu_image_url":"","fifu_image_alt":"","footnotes":""},"categories":[8,24],"tags":[],"class_list":["post-26827","post","type-post","status-publish","format-standard","hentry","category-featured","category-reportajes"],"_links":{"self":[{"href":"https:\/\/www.interaccionnoticias.com.mx\/index.php?rest_route=\/wp\/v2\/posts\/26827","targetHints":{"allow":["GET"]}}],"collection":[{"href":"https:\/\/www.interaccionnoticias.com.mx\/index.php?rest_route=\/wp\/v2\/posts"}],"about":[{"href":"https:\/\/www.interaccionnoticias.com.mx\/index.php?rest_route=\/wp\/v2\/types\/post"}],"author":[{"embeddable":true,"href":"https:\/\/www.interaccionnoticias.com.mx\/index.php?rest_route=\/wp\/v2\/users\/1"}],"replies":[{"embeddable":true,"href":"https:\/\/www.interaccionnoticias.com.mx\/index.php?rest_route=%2Fwp%2Fv2%2Fcomments&post=26827"}],"version-history":[{"count":0,"href":"https:\/\/www.interaccionnoticias.com.mx\/index.php?rest_route=\/wp\/v2\/posts\/26827\/revisions"}],"wp:attachment":[{"href":"https:\/\/www.interaccionnoticias.com.mx\/index.php?rest_route=%2Fwp%2Fv2%2Fmedia&parent=26827"}],"wp:term":[{"taxonomy":"category","embeddable":true,"href":"https:\/\/www.interaccionnoticias.com.mx\/index.php?rest_route=%2Fwp%2Fv2%2Fcategories&post=26827"},{"taxonomy":"post_tag","embeddable":true,"href":"https:\/\/www.interaccionnoticias.com.mx\/index.php?rest_route=%2Fwp%2Fv2%2Ftags&post=26827"}],"curies":[{"name":"wp","href":"https:\/\/api.w.org\/{rel}","templated":true}]}}