{"id":26812,"date":"2019-08-04T20:18:45","date_gmt":"2019-08-05T01:18:45","guid":{"rendered":"http:\/\/www.inter-accion.com.mx\/?p=26812"},"modified":"2019-08-04T20:18:45","modified_gmt":"2019-08-05T01:18:45","slug":"captura-de-el-carrete-disminuira-la-violencia-en-chilpancingo","status":"publish","type":"post","link":"https:\/\/www.interaccionnoticias.com.mx\/?p=26812","title":{"rendered":"Captura de \u201cEl Carrete\u201d disminuir\u00e1 la violencia en Chilpancingo"},"content":{"rendered":"<p><strong>Hab\u00eda c\u00e9lulas de su organizaci\u00f3n operando en la ciudad, confirma el FUPCEG<\/strong><br \/>\nEl Frente Unido de Polic\u00edas Comunitarias del Estado de Guerrero (FUPCEG) confi\u00f3 en que tras la detenci\u00f3n de Santiago Mazari Hern\u00e1ndez \u201cEl Carrete\u201d, la violencia disminuya de manera importante en la capital del estado, pues las c\u00e9lulas que dicho capo del crimen organizado infiltr\u00f3 en la ciudad quedaron desmanteladas.<br \/>\nEn Filo de Caballos, el coordinador del FUPCEG sostuvo que durante varias semanas, Mazari Hern\u00e1ndez \u201cmeti\u00f3 gente a Chilpancingo para operar\u201d, lo que se confirm\u00f3 con la colocaci\u00f3n de algunas mantas y lonas, en las que se hac\u00eda alusi\u00f3n al \u201cSe\u00f1or de los Caballos\u201d.<br \/>\nIncluso, antes de que se generaran los enfrentamientos en Corral de Piedra, Polixtepec y Villa X\u00f3chilt, en la colonia Ignacio Manuel Alamirano fue asesinado el checador de una estaci\u00f3n de urvans del transporte p\u00fablico, a quien le dejaron una cartulina con un mensaje dirigido a Santiago Mazari y Juan Castillo G\u00f3mez, alias \u201cEl Teniente\u201d.<br \/>\nLa violencia desatada en la capital del estado, dijo que gener\u00f3 malestar en las autoridades, que solicitaron al FUPCEG que sacara al Carrete de la Sierra o que por lo menos no lo protegieran.<br \/>\n\u201cNosotros aclaramos que nosotros no \u00e9ramos su pap\u00e1, su jefe ni sus aliados, pero \u00e9l estaba en la Sierra y pues muchos pensaban que \u00e9ramos los mismos\u201d, se\u00f1ala Alan\u00eds Trujillo.<br \/>\nIndica: \u201cYo personalmente le ped\u00ed (a Mazari Hern\u00e1ndez) que sacara su gente de Chilpancingo para que no ocasionara m\u00e1s problemas, pero ustedes vieron la violencia que se desat\u00f3 durante las ultimas semanas\u201d.<br \/>\nEl lunes 29 de julio, el FUPCEG recibi\u00f3 una llamada de un empresario de Chilpancingo, el cual les denunci\u00f3 que gente del Carrete estaba solicit\u00e1ndole el pago de 300 mil pesos a manera de extorsi\u00f3n, lo que influy\u00f3 en mucho para que se desatara el enfrentamiento del martes 30.<br \/>\nAhora que est\u00e1 confirmada la detenci\u00f3n de Santiago Mazari, Alan\u00eds Trujillo sostiene que es muy probable que la violencia disminuya.<br \/>\n\u201cMe imagino que su gente ya debi\u00f3 salir de la ciudad, pues no hay quien les pague ni quien les d\u00e9 \u00f3rdenes, por eso es muy probable que baje la violencia, al menos por parte del grupo del Carrete, pues ya no est\u00e1 en condiciones de operar en la capital\u201d, indic\u00f3.<\/p>\n","protected":false},"excerpt":{"rendered":"<p>Hab\u00eda c\u00e9lulas de su organizaci\u00f3n operando en la ciudad, confirma el FUPCEG El Frente Unido de Polic\u00edas Comunitarias del Estado de Guerrero (FUPCEG) confi\u00f3 en que tras la detenci\u00f3n de&hellip; <\/p>\n","protected":false},"author":1,"featured_media":0,"comment_status":"closed","ping_status":"closed","sticky":false,"template":"","format":"standard","meta":{"fifu_image_url":"","fifu_image_alt":"","footnotes":""},"categories":[8,27],"tags":[],"class_list":["post-26812","post","type-post","status-publish","format-standard","hentry","category-featured","category-seguridad-publica"],"_links":{"self":[{"href":"https:\/\/www.interaccionnoticias.com.mx\/index.php?rest_route=\/wp\/v2\/posts\/26812","targetHints":{"allow":["GET"]}}],"collection":[{"href":"https:\/\/www.interaccionnoticias.com.mx\/index.php?rest_route=\/wp\/v2\/posts"}],"about":[{"href":"https:\/\/www.interaccionnoticias.com.mx\/index.php?rest_route=\/wp\/v2\/types\/post"}],"author":[{"embeddable":true,"href":"https:\/\/www.interaccionnoticias.com.mx\/index.php?rest_route=\/wp\/v2\/users\/1"}],"replies":[{"embeddable":true,"href":"https:\/\/www.interaccionnoticias.com.mx\/index.php?rest_route=%2Fwp%2Fv2%2Fcomments&post=26812"}],"version-history":[{"count":0,"href":"https:\/\/www.interaccionnoticias.com.mx\/index.php?rest_route=\/wp\/v2\/posts\/26812\/revisions"}],"wp:attachment":[{"href":"https:\/\/www.interaccionnoticias.com.mx\/index.php?rest_route=%2Fwp%2Fv2%2Fmedia&parent=26812"}],"wp:term":[{"taxonomy":"category","embeddable":true,"href":"https:\/\/www.interaccionnoticias.com.mx\/index.php?rest_route=%2Fwp%2Fv2%2Fcategories&post=26812"},{"taxonomy":"post_tag","embeddable":true,"href":"https:\/\/www.interaccionnoticias.com.mx\/index.php?rest_route=%2Fwp%2Fv2%2Ftags&post=26812"}],"curies":[{"name":"wp","href":"https:\/\/api.w.org\/{rel}","templated":true}]}}