{"id":26798,"date":"2019-08-02T21:15:04","date_gmt":"2019-08-03T02:15:04","guid":{"rendered":"http:\/\/www.inter-accion.com.mx\/?p=26798"},"modified":"2019-08-02T21:15:04","modified_gmt":"2019-08-03T02:15:04","slug":"padres-de-los-43-la-detencion-del-carrete-abre-la-posibilidad-de-llegar-a-la-verdad","status":"publish","type":"post","link":"https:\/\/www.interaccionnoticias.com.mx\/?p=26798","title":{"rendered":"Padres de los 43: La detenci\u00f3n del Carrete abre la posibilidad de llegar a la verdad"},"content":{"rendered":"<p><strong>En su momento report\u00f3 informaci\u00f3n importante<\/strong><br \/>\nLos padres de los 43 consideran que la detenci\u00f3n de Santiago Nazari Hern\u00e1ndez alias \u201cEl Carrete\u201d y presunto l\u00edder del grupo delincuencial de Los Rojos, representa una esperanza de saber al fin el paradero de los estudiantes normalistas de Ayotzinapa.<br \/>\nAs\u00ed lo dio a conocer el vocero de los padres de familia de los normalistas desaparecidos, Felipe de la Cruz, quien agreg\u00f3 que es importante lo que el presunto delincuente sabe del caso porque en su momento denunci\u00f3 a trav\u00e9s de mantas a personajes de la vida p\u00fablica del estado de estar involucrados en la desaparici\u00f3n de los estudiantes normalistas.<br \/>\nCon esa detenci\u00f3n, dijo \u201ctenemos la esperanza siempre de que la denuncia que hac\u00eda en aquel tiempo hoy la pueda hacer a trav\u00e9s del ministerio p\u00fablico\u201d, y las investigaciones avancen para descubrir m\u00e1s detalles de ese hecho violento del 26 de septiembre del 2014 en Iguala.<br \/>\nRefiri\u00f3 que \u201cya es tiempo de que sepamos la verdad\u201d y se pueda hacer justicia en este caso, pero sobre todo descubrir el paradero de los 43 j\u00f3venes estudiantes de la Escuela Normal Rural \u201cRa\u00fal Isidro Burgos\u201d.<br \/>\nPidi\u00f3 a las autoridades federales que tienen en su poder a Santiago Nazari que contin\u00faen las investigaciones y hagan su labor de manera adecuada, \u201csin torturar para no caer en las fallas de la Procuradur\u00eda General de la Rep\u00fablica (PGR) en su momento\u201d, y que debido a esas fallas se echaron abajo las investigaciones.<br \/>\nEl vocero de los padres confi\u00f3 en las acciones que hoy se realizan desde la nueva comisi\u00f3n para el caso Ayotzinapa, y asegur\u00f3 que se tiene la confianza de poder avanzar hacia la verdad de este caso.<br \/>\nFelipe de la Cruz agreg\u00f3 que tienen la confianza en que esta administraci\u00f3n federal no caer\u00e1 en la simulaci\u00f3n para investigar este caso, \u201ccomo ocurri\u00f3 con el el ex procurador Murillo Karam, porque hoy tenemos confianza en la comisi\u00f3n que encabeza Alejandro Encinas\u201d.<\/p>\n","protected":false},"excerpt":{"rendered":"<p>En su momento report\u00f3 informaci\u00f3n importante Los padres de los 43 consideran que la detenci\u00f3n de Santiago Nazari Hern\u00e1ndez alias \u201cEl Carrete\u201d y presunto l\u00edder del grupo delincuencial de Los&hellip; <\/p>\n","protected":false},"author":1,"featured_media":0,"comment_status":"closed","ping_status":"closed","sticky":false,"template":"","format":"standard","meta":{"fifu_image_url":"","fifu_image_alt":"","footnotes":""},"categories":[8,15],"tags":[],"class_list":["post-26798","post","type-post","status-publish","format-standard","hentry","category-featured","category-movimientos-sociales"],"_links":{"self":[{"href":"https:\/\/www.interaccionnoticias.com.mx\/index.php?rest_route=\/wp\/v2\/posts\/26798","targetHints":{"allow":["GET"]}}],"collection":[{"href":"https:\/\/www.interaccionnoticias.com.mx\/index.php?rest_route=\/wp\/v2\/posts"}],"about":[{"href":"https:\/\/www.interaccionnoticias.com.mx\/index.php?rest_route=\/wp\/v2\/types\/post"}],"author":[{"embeddable":true,"href":"https:\/\/www.interaccionnoticias.com.mx\/index.php?rest_route=\/wp\/v2\/users\/1"}],"replies":[{"embeddable":true,"href":"https:\/\/www.interaccionnoticias.com.mx\/index.php?rest_route=%2Fwp%2Fv2%2Fcomments&post=26798"}],"version-history":[{"count":0,"href":"https:\/\/www.interaccionnoticias.com.mx\/index.php?rest_route=\/wp\/v2\/posts\/26798\/revisions"}],"wp:attachment":[{"href":"https:\/\/www.interaccionnoticias.com.mx\/index.php?rest_route=%2Fwp%2Fv2%2Fmedia&parent=26798"}],"wp:term":[{"taxonomy":"category","embeddable":true,"href":"https:\/\/www.interaccionnoticias.com.mx\/index.php?rest_route=%2Fwp%2Fv2%2Fcategories&post=26798"},{"taxonomy":"post_tag","embeddable":true,"href":"https:\/\/www.interaccionnoticias.com.mx\/index.php?rest_route=%2Fwp%2Fv2%2Ftags&post=26798"}],"curies":[{"name":"wp","href":"https:\/\/api.w.org\/{rel}","templated":true}]}}