{"id":26793,"date":"2019-08-02T21:11:25","date_gmt":"2019-08-03T02:11:25","guid":{"rendered":"http:\/\/www.inter-accion.com.mx\/?p=26793"},"modified":"2019-08-02T21:11:25","modified_gmt":"2019-08-03T02:11:25","slug":"carrete-enfrento-al-menos-24-horas-de-asedio-en-villa-xochilt","status":"publish","type":"post","link":"https:\/\/www.interaccionnoticias.com.mx\/?p=26793","title":{"rendered":"Carrete enfrent\u00f3 al menos 24 horas de asedio en Villa X\u00f3chilt"},"content":{"rendered":"<p><strong>Integrantes del FUPCEG lo ten\u00edan rodeado, pero fueron replegados por la Sedena y la SSP<\/strong><br \/>\n24 horas antes de que fuera presentado por el Gobierno federal, Santiago Mazari Hern\u00e1ndez, al\u00edas \u201cEl Carrete\u201d se encontraba acorralado en Villa X\u00f3chilt, comunidad perteneciente a Leonardo Bravo, por integrantes del Frente Unido de Polic\u00edas Comunitarios de Estado de Guerrero (FUPCEG).<br \/>\nDe acuerdo con los reportes que se tienen sobre los hechos, los enfrentamientos entre civiles armados se generaron desde la semana pasada, pero se recrudecieron la ma\u00f1ana del martes 30 de julio en la comunidad de Corral de Piedra, donde muri\u00f3 Juan Castillo G\u00f3mez, alias \u201cEl Teniente\u201d.<br \/>\nDe acuerdo con el FUPCEG, El Carrete operaba desde Corral de Piedra por lo menos tres meses atr\u00e1s, se hab\u00eda hecho compadre de Juan Castillo y hab\u00edan sellado una alianza para tratar de controlar la Sierra de Guerrero.<br \/>\nEl 30 de julio tuvo que salir de Corral de Piedra y los enfrentamientos se extendieron hacia Villa Xochilt y Polixtepec.<br \/>\nSalvador Alan\u00eds, coordinador del FUPCEG sostiene que para la tarde del mi\u00e9rcoles 31 de julio, El Carrete estaba acorralado en Villa X\u00f3chilt, sus fuerzas estaban muy disminuidas y pr\u00e1cticamente buscaba la manera de escapar de la zona.<br \/>\n\u201cFue entonces cuando llegaron el Ej\u00e9rcito y la Polic\u00eda del Estado, ellos pidieron que la comunitaria se replegara para que pudieran realizar su operativo de b\u00fasqueda, les dijimos que lo har\u00edamos con la condici\u00f3n de que lo atraparan, ellos nos aseguraron que se esforzar\u00edan por cumplir\u201d, recuerda Alan\u00eds Trujillo.<br \/>\nEl coordinador de los comunitarios admite que desconoce los detalles sobre la captura de Santiago Mazari, pero reconoce que tanto el Ej\u00e9rcito como la Polic\u00eda cumplieron.<br \/>\nEntrada la tarde del jueves 1 de agosto, los integrantes del FUPCEG se percataron de que un convoy de camiones de doble rodada, autom\u00f3viles compactos y unidades del Ej\u00e9rcito atravesaban la comunidad de Filo de Caballos.<br \/>\nEl convoy fue interceptado en la comunidad de Tres Cruces, ah\u00ed revisaron a todos los civiles que se encontraban a bordo, detectaron a varios pistoleros y los se\u00f1alaron a las autoridades.<br \/>\n\u201cEn el convoy no estaba el Carrete\u201d, indica el dirigente.<br \/>\nAlrededor de las 17:00 horas, se dieron cuenta de que un helic\u00f3ptero color rojo descendi\u00f3 en Villa X\u00f3chilt, solamente permaneci\u00f3 unos minutos y se retir\u00f3 del lugar, infiere que en la aeronave iba Santiago Mazari, porque un poco m\u00e1s tarde las autoridades federales boletinaron su captura.<\/p>\n","protected":false},"excerpt":{"rendered":"<p>Integrantes del FUPCEG lo ten\u00edan rodeado, pero fueron replegados por la Sedena y la SSP 24 horas antes de que fuera presentado por el Gobierno federal, Santiago Mazari Hern\u00e1ndez, al\u00edas&hellip; <\/p>\n","protected":false},"author":1,"featured_media":0,"comment_status":"closed","ping_status":"closed","sticky":false,"template":"","format":"standard","meta":{"fifu_image_url":"","fifu_image_alt":"","footnotes":""},"categories":[8,27],"tags":[],"class_list":["post-26793","post","type-post","status-publish","format-standard","hentry","category-featured","category-seguridad-publica"],"_links":{"self":[{"href":"https:\/\/www.interaccionnoticias.com.mx\/index.php?rest_route=\/wp\/v2\/posts\/26793","targetHints":{"allow":["GET"]}}],"collection":[{"href":"https:\/\/www.interaccionnoticias.com.mx\/index.php?rest_route=\/wp\/v2\/posts"}],"about":[{"href":"https:\/\/www.interaccionnoticias.com.mx\/index.php?rest_route=\/wp\/v2\/types\/post"}],"author":[{"embeddable":true,"href":"https:\/\/www.interaccionnoticias.com.mx\/index.php?rest_route=\/wp\/v2\/users\/1"}],"replies":[{"embeddable":true,"href":"https:\/\/www.interaccionnoticias.com.mx\/index.php?rest_route=%2Fwp%2Fv2%2Fcomments&post=26793"}],"version-history":[{"count":0,"href":"https:\/\/www.interaccionnoticias.com.mx\/index.php?rest_route=\/wp\/v2\/posts\/26793\/revisions"}],"wp:attachment":[{"href":"https:\/\/www.interaccionnoticias.com.mx\/index.php?rest_route=%2Fwp%2Fv2%2Fmedia&parent=26793"}],"wp:term":[{"taxonomy":"category","embeddable":true,"href":"https:\/\/www.interaccionnoticias.com.mx\/index.php?rest_route=%2Fwp%2Fv2%2Fcategories&post=26793"},{"taxonomy":"post_tag","embeddable":true,"href":"https:\/\/www.interaccionnoticias.com.mx\/index.php?rest_route=%2Fwp%2Fv2%2Ftags&post=26793"}],"curies":[{"name":"wp","href":"https:\/\/api.w.org\/{rel}","templated":true}]}}