{"id":2679,"date":"2017-03-08T18:05:52","date_gmt":"2017-03-09T00:05:52","guid":{"rendered":"http:\/\/www.inter-accion.com.mx\/?p=2679"},"modified":"2017-03-08T18:05:52","modified_gmt":"2017-03-09T00:05:52","slug":"ssp-no-podemos-acabar-con-eso-de-la-noche-a-la-manana","status":"publish","type":"post","link":"https:\/\/www.interaccionnoticias.com.mx\/?p=2679","title":{"rendered":"SSP: &quot;No podemos acabar con eso de la noche a la ma\u00f1ana&quot;"},"content":{"rendered":"<p>En referencia a la violencia generada por el crimen organizado<br \/>\n&nbsp;<br \/>\n&nbsp;<br \/>\n\u201cNo podemos acabar con eso de la noche a la ma\u00f1ana\u201d, dijo el titular de la Secretar\u00eda de Seguridad P\u00fablica (SSP), Pedro Almaz\u00e1n Cervantes al referirse a la violencia del crimen organizado, que en el inicio de la semana dej\u00f3 m\u00e1s de 20 muertos en el estado de Guerrero.<br \/>\nEn Chilpancingo, el general de brigada indic\u00f3 que la Polic\u00eda del Estado se encuentra realizando patrullajes de manera permanente, aunque tambi\u00e9n reconoci\u00f3 que los elementos no pueden quedarse de maneta permanente en todos los puntos, pues es evidente que hace falta personal para garantizar la cobertura total de siete regiones que concentran a 81 municipios.<br \/>\nBajo dicha circunstancia, refiri\u00f3 que lo que se hace es priorizar las zonas en las que la poblaci\u00f3n lanzar las llamadas de alerta, con la intenci\u00f3n de atender los hechos m\u00e1s apremiantes. &nbsp;&nbsp;<br \/>\nRespecto a la violencia que se registr\u00f3 en el inicio de la semana, que entre otras cosas dejo al menos 20 muertos, entre ellos por lo menos 10 varones desmembrados que hasta el momento permanecen en calidad de desconocidos, el funcionario sostuvo que hay una raz\u00f3n muy clara.<br \/>\n&nbsp;\u201cLo que pasa es que sigue la disputa entre bandas delincuenciales, eso es innegable, la polic\u00eda del estado est\u00e1 comprometida con la sociedad y estamos aportando mucho m\u00e1s resultados que antes, pero no podemos acabar de la noche a la ma\u00f1ana con eso\u201d, anot\u00f3.<br \/>\nSin embargo, aclar\u00f3 que de ninguna manera se baja la guardia ante los problemas en materia de inseguridad.<br \/>\nPero insisti\u00f3: \u201cLo que yo les puedo decir, es que la polic\u00eda se mantiene diariamente en la lucha, realizando operativos que son cada vez m\u00e1s contundentes, de eso ustedes (medios de comunicaci\u00f3n) han dado cuenta\u201d.<br \/>\nA pregunta expresa, indic\u00f3 que en Guerrero solo hay tres c\u00e1rteles grandes, las dem\u00e1s son peque\u00f1as bandas que generan mucha violencia para tratar de atemorizar a sus oponentes.<\/p>\n","protected":false},"excerpt":{"rendered":"<p>En referencia a la violencia generada por el crimen organizado &nbsp; &nbsp; \u201cNo podemos acabar con eso de la noche a la ma\u00f1ana\u201d, dijo el titular de la Secretar\u00eda de&hellip; <\/p>\n","protected":false},"author":1,"featured_media":0,"comment_status":"open","ping_status":"open","sticky":false,"template":"","format":"standard","meta":{"fifu_image_url":"","fifu_image_alt":"","footnotes":""},"categories":[8,27],"tags":[],"class_list":["post-2679","post","type-post","status-publish","format-standard","hentry","category-featured","category-seguridad-publica"],"_links":{"self":[{"href":"https:\/\/www.interaccionnoticias.com.mx\/index.php?rest_route=\/wp\/v2\/posts\/2679","targetHints":{"allow":["GET"]}}],"collection":[{"href":"https:\/\/www.interaccionnoticias.com.mx\/index.php?rest_route=\/wp\/v2\/posts"}],"about":[{"href":"https:\/\/www.interaccionnoticias.com.mx\/index.php?rest_route=\/wp\/v2\/types\/post"}],"author":[{"embeddable":true,"href":"https:\/\/www.interaccionnoticias.com.mx\/index.php?rest_route=\/wp\/v2\/users\/1"}],"replies":[{"embeddable":true,"href":"https:\/\/www.interaccionnoticias.com.mx\/index.php?rest_route=%2Fwp%2Fv2%2Fcomments&post=2679"}],"version-history":[{"count":0,"href":"https:\/\/www.interaccionnoticias.com.mx\/index.php?rest_route=\/wp\/v2\/posts\/2679\/revisions"}],"wp:attachment":[{"href":"https:\/\/www.interaccionnoticias.com.mx\/index.php?rest_route=%2Fwp%2Fv2%2Fmedia&parent=2679"}],"wp:term":[{"taxonomy":"category","embeddable":true,"href":"https:\/\/www.interaccionnoticias.com.mx\/index.php?rest_route=%2Fwp%2Fv2%2Fcategories&post=2679"},{"taxonomy":"post_tag","embeddable":true,"href":"https:\/\/www.interaccionnoticias.com.mx\/index.php?rest_route=%2Fwp%2Fv2%2Ftags&post=2679"}],"curies":[{"name":"wp","href":"https:\/\/api.w.org\/{rel}","templated":true}]}}