{"id":26787,"date":"2019-08-02T19:22:06","date_gmt":"2019-08-03T00:22:06","guid":{"rendered":"http:\/\/www.inter-accion.com.mx\/?p=26787"},"modified":"2019-08-02T19:22:06","modified_gmt":"2019-08-03T00:22:06","slug":"habitantes-de-san-jeronimo-palantla-amagan-con-tomar-las-armas-nuevamente","status":"publish","type":"post","link":"https:\/\/www.interaccionnoticias.com.mx\/?p=26787","title":{"rendered":"Habitantes de San Jer\u00f3nimo Palantla amagan con tomar las armas nuevamente"},"content":{"rendered":"<p><strong>Contra la comunitaria de Rinc\u00f3n de Chautla<\/strong><br \/>\nHabitantes de la comunidad de San Jer\u00f3nimo Palantla, municipio de Chilapa de \u00c1lvarez solicitaron a los tres tres niveles de Gobierno que en un plazo de ocho d\u00edas desarmen a la polic\u00eda comunitaria de Rinc\u00f3n de Chautla, de lo contrario, advirtieron que iniciar\u00e1n un movimiento de autodefensa para responder a las constantes agresiones que sufren por parte de sus vecinos.<br \/>\nRodolfo Colorado Ahuixteco, integrante de la dirigencia del Frente de Defensa Popular (FDP), inform\u00f3 que este viernes, un grupo de pobladores de San Jer\u00f3nimo localizaron en una caverna que se encuentra en despoblado, amordazados y golpeados a dos j\u00f3venes que la jornada del mi\u00e9rcoles fueron privados de la libertad.<br \/>\nLas v\u00edctimas son Sergio y Alfonso Orgin Orgin, de 19 y 16 a\u00f1os respectivamente, quienes el pasado 31 de julio fueron levantados de su tierra de labor por un grupo de hombres armados.<br \/>\nLos desconocidos se llevaron a los hermanos Orgin hacia una cueva localizada en el punto conocido como El Ocotal, en la ruta que va hacia Rinc\u00f3n de Chautla, lugar en el que eran resguardados por cinco personas.<br \/>\nColorado Ahuixteco sostiene que los que resguardaban a los dos secuestrados eran integrantes de la Polic\u00eda Comunitaria de Rinc\u00f3n de Chautla, los que al observar a la distancia que se aproximaba un gran n\u00famero de personas huyeron del lugar corriendo entre los cerros.<br \/>\nLos de San Jer\u00f3nimo no persiguieron a los captores de los hermanos Orgin porque no ten\u00edan armas, pero s\u00ed rescataron a sus compa\u00f1eros y los devolvieron a su familia.<br \/>\n\u201cLos muchachos estaban amordazados, dentro de la cueva y golpeados\u201d, anot\u00f3 el dirigente.<br \/>\nRodolfo Colorado mostr\u00f3 el n\u00famero celular 7671138941, desde el que la familia recibi\u00f3 llamadas de amenaza y tambi\u00e9n la solicitud de rescate.<br \/>\nAsegur\u00f3 que la comunitaria de Rinc\u00f3n de Chautla se ha dedicado a cometer secuestros, extorsiones y feminicidios, los que se intensificaron en junio y julio pasados.<br \/>\nRecord\u00f3 que las agresiones se remontan a 2015, cuando un grupo de comunitarios lleg\u00f3 a la comisar\u00eda de San Jer\u00f3nimo y mat\u00f3 a cinco personas, entre ellas una mujer embarazada.<br \/>\nLos pobladores se hab\u00edan armado para defenderse, pero el ex subsecretario de Asuntos Pol\u00edticos, C\u00e9sar Flores Maldonado visit\u00f3 el pueblo y los convenci\u00f3 de deponer las autodefensa, con el ofrecimiento de que tambi\u00e9n desarmar\u00eda a los de Rinc\u00f3n de Chautla, situaci\u00f3n que no cumpli\u00f3.<br \/>\nPor esa raz\u00f3n hizo un llamado para que en un t\u00e9rmino de ocho d\u00edas, los tres niveles de Gobierno hagan lo que sea necesario para desarmar a los comunitarios de Rinc\u00f3n de Chautla, de lo contrario, ellos volver\u00e1n a retomar la ruta de la autodefensa.<br \/>\n\u201cSi el gobierno no los desarma nos vamos a levantar y nos vamos a enfrentar a lo que resulte, anticip\u00f3.<br \/>\nReconoci\u00f3 que en San Jer\u00f3nimo no est\u00e1n en la ruta de confrontarse, pero tambi\u00e9n sostuvo que ya no resisten la serie de agresiones que se han cometido durante los \u00faltimos meses, pues la mayor\u00eda de ellos permanecen impunes.<br \/>\nExplic\u00f3 que en San Jer\u00f3mimo Plantla est\u00e1n detenidas tres mujeres: Tomasa Casarrubias Cort\u00e9s, Cecilia Calvario Tlatempa sy Paula Salgado Orgin, quienes ya admitieron que son las responsables de haber dado a la comunitaria del Rinc\u00f3n la ubicaci\u00f3n de los hermanos Orgin, lo que hizo posible que se consumara el secuestro.<br \/>\nIndic\u00f3 que ya se dio parte a las autoridades de dichas detenciones, pero hasta el momento no se ha presentado nadie para hacer la reclamaci\u00f3n correspondiente.<\/p>\n","protected":false},"excerpt":{"rendered":"<p>Contra la comunitaria de Rinc\u00f3n de Chautla Habitantes de la comunidad de San Jer\u00f3nimo Palantla, municipio de Chilapa de \u00c1lvarez solicitaron a los tres tres niveles de Gobierno que en&hellip; <\/p>\n","protected":false},"author":1,"featured_media":0,"comment_status":"closed","ping_status":"closed","sticky":false,"template":"","format":"standard","meta":{"fifu_image_url":"","fifu_image_alt":"","footnotes":""},"categories":[8,27],"tags":[],"class_list":["post-26787","post","type-post","status-publish","format-standard","hentry","category-featured","category-seguridad-publica"],"_links":{"self":[{"href":"https:\/\/www.interaccionnoticias.com.mx\/index.php?rest_route=\/wp\/v2\/posts\/26787","targetHints":{"allow":["GET"]}}],"collection":[{"href":"https:\/\/www.interaccionnoticias.com.mx\/index.php?rest_route=\/wp\/v2\/posts"}],"about":[{"href":"https:\/\/www.interaccionnoticias.com.mx\/index.php?rest_route=\/wp\/v2\/types\/post"}],"author":[{"embeddable":true,"href":"https:\/\/www.interaccionnoticias.com.mx\/index.php?rest_route=\/wp\/v2\/users\/1"}],"replies":[{"embeddable":true,"href":"https:\/\/www.interaccionnoticias.com.mx\/index.php?rest_route=%2Fwp%2Fv2%2Fcomments&post=26787"}],"version-history":[{"count":0,"href":"https:\/\/www.interaccionnoticias.com.mx\/index.php?rest_route=\/wp\/v2\/posts\/26787\/revisions"}],"wp:attachment":[{"href":"https:\/\/www.interaccionnoticias.com.mx\/index.php?rest_route=%2Fwp%2Fv2%2Fmedia&parent=26787"}],"wp:term":[{"taxonomy":"category","embeddable":true,"href":"https:\/\/www.interaccionnoticias.com.mx\/index.php?rest_route=%2Fwp%2Fv2%2Fcategories&post=26787"},{"taxonomy":"post_tag","embeddable":true,"href":"https:\/\/www.interaccionnoticias.com.mx\/index.php?rest_route=%2Fwp%2Fv2%2Ftags&post=26787"}],"curies":[{"name":"wp","href":"https:\/\/api.w.org\/{rel}","templated":true}]}}