{"id":26775,"date":"2019-08-02T14:04:14","date_gmt":"2019-08-02T19:04:14","guid":{"rendered":"http:\/\/www.inter-accion.com.mx\/?p=26775"},"modified":"2019-08-02T14:04:14","modified_gmt":"2019-08-02T19:04:14","slug":"trasladan-a-112-desplazados-de-la-zona-que-controlaba-el-carrete-en-la-sierra","status":"publish","type":"post","link":"https:\/\/www.interaccionnoticias.com.mx\/?p=26775","title":{"rendered":"Trasladan a 112 desplazados de la zona que controlaba El carrete en la Sierra"},"content":{"rendered":"<p><strong>Entre ellos algunos probables responsables de delitos<\/strong><br \/>\nEl gobierno de Guerrero confirm\u00f3 el desplazamiento de 112 personas de los pueblos ubicados en la Sierra, particularmente en la zona en que se generaron los enfrentamientos entre civiles armados, mismos que dieron como resultado la muerte de Juan Castillo \u201cEl Teniente\u201d y la captura de Santiago Mazari \u201cEl Carrete\u201d.<br \/>\nLa ma\u00f1ana del viernes, el vocero en seguridad del gobierno de Guerrero, Roberto \u00c1lvarez Heredia public\u00f3 un comunicado en el que informa que despu\u00e9s del operativo conjunto realizado por personal de la Secretar\u00eda de la Defensa Nacional (Sedena) y de la Polic\u00eda Estatal, el jueves \u201cse dio acompa\u00f1amiento a 112 personas, entre ellas hombres, mujeres, ni\u00f1as y ni\u00f1os, que fueron trasladados de diversas comunidades de la Sierra de los municipios de Leonardo Bravo y General Heliodoro Castillo a Chilpancingo\u201d.<br \/>\nEn la capital del estado, las personas desplazadas recibieron alimentaci\u00f3n y hospedaje, as\u00ed como asistencia m\u00e9dica y psicol\u00f3gica.<br \/>\nPero se agrega: \u201cEn este grupo de personas fueron identificados algunos masculinos originarios de diferentes estados, principalmente del norte de la Rep\u00fablica, a quienes se les investiga por su probable v\u00ednculo con los enfrentamientos registrados en d\u00edas pasados en la mencionada zona\u201d.<br \/>\nAunque no se indica cuantos son, se anota que se investiga a varios de los desplazados por su probable responsabilidad en la comisi\u00f3n de hechos delictivos.<\/p>\n","protected":false},"excerpt":{"rendered":"<p>Entre ellos algunos probables responsables de delitos El gobierno de Guerrero confirm\u00f3 el desplazamiento de 112 personas de los pueblos ubicados en la Sierra, particularmente en la zona en que&hellip; <\/p>\n","protected":false},"author":1,"featured_media":0,"comment_status":"closed","ping_status":"closed","sticky":false,"template":"","format":"standard","meta":{"fifu_image_url":"","fifu_image_alt":"","footnotes":""},"categories":[8,27],"tags":[],"class_list":["post-26775","post","type-post","status-publish","format-standard","hentry","category-featured","category-seguridad-publica"],"_links":{"self":[{"href":"https:\/\/www.interaccionnoticias.com.mx\/index.php?rest_route=\/wp\/v2\/posts\/26775","targetHints":{"allow":["GET"]}}],"collection":[{"href":"https:\/\/www.interaccionnoticias.com.mx\/index.php?rest_route=\/wp\/v2\/posts"}],"about":[{"href":"https:\/\/www.interaccionnoticias.com.mx\/index.php?rest_route=\/wp\/v2\/types\/post"}],"author":[{"embeddable":true,"href":"https:\/\/www.interaccionnoticias.com.mx\/index.php?rest_route=\/wp\/v2\/users\/1"}],"replies":[{"embeddable":true,"href":"https:\/\/www.interaccionnoticias.com.mx\/index.php?rest_route=%2Fwp%2Fv2%2Fcomments&post=26775"}],"version-history":[{"count":0,"href":"https:\/\/www.interaccionnoticias.com.mx\/index.php?rest_route=\/wp\/v2\/posts\/26775\/revisions"}],"wp:attachment":[{"href":"https:\/\/www.interaccionnoticias.com.mx\/index.php?rest_route=%2Fwp%2Fv2%2Fmedia&parent=26775"}],"wp:term":[{"taxonomy":"category","embeddable":true,"href":"https:\/\/www.interaccionnoticias.com.mx\/index.php?rest_route=%2Fwp%2Fv2%2Fcategories&post=26775"},{"taxonomy":"post_tag","embeddable":true,"href":"https:\/\/www.interaccionnoticias.com.mx\/index.php?rest_route=%2Fwp%2Fv2%2Ftags&post=26775"}],"curies":[{"name":"wp","href":"https:\/\/api.w.org\/{rel}","templated":true}]}}