{"id":26766,"date":"2019-08-01T18:23:35","date_gmt":"2019-08-01T23:23:35","guid":{"rendered":"http:\/\/www.inter-accion.com.mx\/?p=26766"},"modified":"2019-08-01T18:23:35","modified_gmt":"2019-08-01T23:23:35","slug":"confirman-la-muerte-en-combate-de-el-teniente","status":"publish","type":"post","link":"https:\/\/www.interaccionnoticias.com.mx\/?p=26766","title":{"rendered":"Confirman la muerte en combate de \u201cEl Teniente\u201d"},"content":{"rendered":"<p>&nbsp;<strong>El Carrete est\u00e1 herido y trata de abandonar la Sierra<\/strong><br \/>\n<strong>\u201cEra una leyenda que esta vez pele\u00f3 por una causa equivocada\u201d, dice coordinador del FUPCEG<\/strong><br \/>\nEl Frente Unido de Polic\u00edas Comunitarias del Estado de Guerrero (FUPCEG) confirm\u00f3 la muerte de Juan Castillo G\u00f3mez, \u201cEl Teniente\u201d en el enfrenamiento suscitado en Corral de Piedra, en la Sierra de Leonardo Bravo, en tanto que Santiago Mazari Hern\u00e1ndez \u201cEl Carrete\u201d estar\u00eda herido, tratando de abandonar la zona de conflicto.<br \/>\nSalvador Alan\u00eds Trujillo, coordinador del FUPCEG confirm\u00f3 que Castillo G\u00f3mez muri\u00f3 en el enfrentamiento que se registr\u00f3 el martes 30 de julio en la comunidad de Corral de Piedra, en la que tambi\u00e9n result\u00f3 herido Santiago Mazari, l\u00edder del grupo delictivo conocido como \u201cLos Rojos\u201d en el estado de Morelos.<br \/>\n\u201cNo lo hab\u00edamos tenido la certeza del deceso porque se genera mucha confusi\u00f3n en una acci\u00f3n de esas; entre balas y gente que corre de un lado hacia otro, pero ya lo confirmamos y s\u00ed, lamentablemente est\u00e1 ca\u00eddo\u201d, se\u00f1al\u00f3 Alan\u00eds Trujillo.<br \/>\nAgreg\u00f3: \u201cEn cuanto al Carrete sabemos efectivamente que est\u00e1 herido, muy debilitado y lo hemos estado busc\u00e1ndolo\u201d.<br \/>\nExpuso que a partir de que a la zona llegaron elementos de la Guardia Nacional GN), de la Secretar\u00eda de la Defensa Nacional (Sedena) y la Polic\u00eda del Estado, los integrantes del FUPCEG no han tenido el espacio necesario para continuar con la b\u00fasqueda del jefe de Los Rojos, quien fue detectado en la parte alta de la Sierra hace poco m\u00e1s de tres meses.<br \/>\nConfi\u00f3 en que el personal de la GN, la SEDENA y Secretar\u00eda de Seguridad P\u00fablica (SSP) habr\u00e1n de operar de maneta correcta para dar con el jefe de pistoleros, pues admiti\u00f3 que existe el riesgo de que escape de la zona.<br \/>\n\u201cSi logra darse a la fuga ser\u00eda responsabilidad del gobierno, porque no le est\u00e1n echando ganas para detener a un criminal de esa talla\u201d, advirti\u00f3.<br \/>\nDe manera inusual, Salvador Alan\u00eds emiti\u00f3 algunos comentarios personales respecto a la persona que fuera conocido bajo el alias de \u201cEl Teniente\u201d.<br \/>\n\u201cYo lamento mucho su muerte, en lo personal lo admiraba mucho por la forma de pelear, con el honor que se manejaba en su condici\u00f3n de dirigente\u201d, se\u00f1al\u00f3.<br \/>\nDijo que El Carrete al llegar a la Sierra de Guerrero se hizo compadre de Castillo G\u00f3mez, se gan\u00f3 su confianza y sus votos de lealtad, de ah\u00ed que hayan peleado juntos en Corral de Piedra.<br \/>\nAgreg\u00f3: \u201cJuan Castillo estaba muy comprometido con los pueblos que controlaba. El Teniente para mi es una leyenda que hoy termin\u00f3, su vida se acab\u00f3 por una causa que no era propia, esta vez luch\u00f3 por una causa equivocada y lamentablemente cay\u00f3\u201d.<br \/>\nLa tarde del jueves, integrantes del FUPCEG reportaron en redes sociales que Santiago Mazari pretend\u00eda salir del corredor que va de Filo de Caballos hacia Casa Verde, aprovechando el despliegue de persona de la GN y la Sedena, mismos que resguardan a particulares que tratan de abandonar la zona, ante la posibilidad de que haya nuevos enfrentamientos.<\/p>\n","protected":false},"excerpt":{"rendered":"<p>&nbsp;El Carrete est\u00e1 herido y trata de abandonar la Sierra \u201cEra una leyenda que esta vez pele\u00f3 por una causa equivocada\u201d, dice coordinador del FUPCEG El Frente Unido de Polic\u00edas&hellip; <\/p>\n","protected":false},"author":1,"featured_media":0,"comment_status":"closed","ping_status":"closed","sticky":false,"template":"","format":"standard","meta":{"fifu_image_url":"","fifu_image_alt":"","footnotes":""},"categories":[8,27],"tags":[],"class_list":["post-26766","post","type-post","status-publish","format-standard","hentry","category-featured","category-seguridad-publica"],"_links":{"self":[{"href":"https:\/\/www.interaccionnoticias.com.mx\/index.php?rest_route=\/wp\/v2\/posts\/26766","targetHints":{"allow":["GET"]}}],"collection":[{"href":"https:\/\/www.interaccionnoticias.com.mx\/index.php?rest_route=\/wp\/v2\/posts"}],"about":[{"href":"https:\/\/www.interaccionnoticias.com.mx\/index.php?rest_route=\/wp\/v2\/types\/post"}],"author":[{"embeddable":true,"href":"https:\/\/www.interaccionnoticias.com.mx\/index.php?rest_route=\/wp\/v2\/users\/1"}],"replies":[{"embeddable":true,"href":"https:\/\/www.interaccionnoticias.com.mx\/index.php?rest_route=%2Fwp%2Fv2%2Fcomments&post=26766"}],"version-history":[{"count":0,"href":"https:\/\/www.interaccionnoticias.com.mx\/index.php?rest_route=\/wp\/v2\/posts\/26766\/revisions"}],"wp:attachment":[{"href":"https:\/\/www.interaccionnoticias.com.mx\/index.php?rest_route=%2Fwp%2Fv2%2Fmedia&parent=26766"}],"wp:term":[{"taxonomy":"category","embeddable":true,"href":"https:\/\/www.interaccionnoticias.com.mx\/index.php?rest_route=%2Fwp%2Fv2%2Fcategories&post=26766"},{"taxonomy":"post_tag","embeddable":true,"href":"https:\/\/www.interaccionnoticias.com.mx\/index.php?rest_route=%2Fwp%2Fv2%2Ftags&post=26766"}],"curies":[{"name":"wp","href":"https:\/\/api.w.org\/{rel}","templated":true}]}}